
{"id":773,"date":"2009-02-27T08:00:28","date_gmt":"2009-02-27T07:00:28","guid":{"rendered":"http:\/\/adamczewski.blog.polityka.pl\/?p=773"},"modified":"2009-02-16T18:12:50","modified_gmt":"2009-02-16T17:12:50","slug":"zima-odchodzi-i-wciaz-wraca","status":"publish","type":"post","link":"https:\/\/blog.polityka.pl\/adamczewski\/2009\/02\/27\/zima-odchodzi-i-wciaz-wraca\/","title":{"rendered":"Zima odchodzi i wci\u0105\u017c wraca"},"content":{"rendered":"<p><a href=\"\/wp-content\/uploads\/2009\/02\/dom-zimowy-p21400121-kopia.jpg\"><img loading=\"lazy\" decoding=\"async\" class=\"aligncenter size-full wp-image-778\" title=\"dom-zimowy-p21400121-kopia\" src=\"\/wp-content\/uploads\/2009\/02\/dom-zimowy-p21400121-kopia.jpg\" alt=\"\" width=\"450\" height=\"338\" srcset=\"\/adamczewski\/wp-content\/uploads\/2009\/02\/dom-zimowy-p21400121-kopia.jpg 450w, \/adamczewski\/wp-content\/uploads\/2009\/02\/dom-zimowy-p21400121-kopia-300x225.jpg 300w\" sizes=\"(max-width: 450px) 100vw, 450px\" \/><\/a><\/p>\n<p><em>\u015aniegu nie za du\u017co ale pobiega\u0107 mo\u017cna<\/em><\/p>\n<p>Torty, rogaliki, ciasto dro\u017cd\u017cowe, a w czasie ostatk\u00f3w p\u0105czki (straszne ilo\u015bci dla strasznych m\u0142odych \u017car\u0142ok\u00f3w) powoduj\u0105, \u017ce jajka znikaj\u0105 z lod\u00f3wki z szybko\u015bci\u0105 wi\u0119ksz\u0105 ni\u017c jedno okr\u0105\u017cenie toru przez Kubic\u0119.<br \/>\nZnowu musieli\u015bmy p\u0119dzi\u0107 na wie\u015b. Nikt bowiem w tej naszej rozwydrzonej kulinarnie rodzinie ( a i w\u015br\u00f3d przyjaci\u00f3\u0142 ten syndrom jest silnie widoczny) nie chce je\u015b\u0107 jaj kupowanych w sklepie. A nawet na bazarach, poniewa\u017c tam trafiaj\u0105 si\u0119 jaja nie od kur wolnochodz\u0105cych lecz fermowych.<\/p>\n<p>Tym razem, napominany wielokrotnie przez Alicj\u0119, wzi\u0105\u0142em aparat fotograficzny i przedstawiam Wam nasze domy w zimowej krasie.\u00a0 Co prawda \u015bnieg nie by\u0142 po pas, co jest tu norm\u0105, ale i tak na bieg\u00f3wki wystarczy\u0142o.<\/p>\n<p><img loading=\"lazy\" decoding=\"async\" class=\"aligncenter size-full wp-image-779\" title=\"basia-w-leci-zima-p21400161-kopia\" src=\"\/wp-content\/uploads\/2009\/02\/basia-w-leci-zima-p21400161-kopia.jpg\" alt=\"\" width=\"450\" height=\"338\" srcset=\"\/adamczewski\/wp-content\/uploads\/2009\/02\/basia-w-leci-zima-p21400161-kopia.jpg 450w, \/adamczewski\/wp-content\/uploads\/2009\/02\/basia-w-leci-zima-p21400161-kopia-300x225.jpg 300w\" sizes=\"(max-width: 450px) 100vw, 450px\" \/><\/p>\n<p><em>Basia a w tle dom Agaty<\/em><\/p>\n<p>Opr\u00f3cz zaopatrzenia i sportu podczas tej wizyty wypr\u00f3bowali\u015bmy nowy Internet bezprzewodowy i ku naszej rado\u015bci zasi\u0119g by\u0142 wspania\u0142y. Nie b\u0119dziemy wi\u0119c musieli w lecie gania\u0107 po ca\u0142ym terenie i szuka\u0107 sk\u0105d mo\u017cna po\u0142\u0105czy\u0107 si\u0119 z\u00a0 blogiem, witryn\u0105 czy redakcj\u0105. W ubieg\u0142ym sezonie np. najlepszy zasi\u0119g by\u0142 pod moim \u0142\u00f3\u017ckiem. I teraz wyobra\u017acie sobie jak fajnie si\u0119 tam pracowa\u0142o. Czasem udawa\u0142o si\u0119 co\u015b zrobi\u0107 na werandzie u Agaty. Z rzadka &#8211; na naszej werandzie. A teraz b\u0119dzie luksusowo\u00a0&#8211; przy stole przeznaczonym do roboty.<\/p>\n<p><img loading=\"lazy\" decoding=\"async\" class=\"aligncenter size-full wp-image-780\" title=\"dom-i-hydrofornia-p21400111-kopia\" src=\"\/wp-content\/uploads\/2009\/02\/dom-i-hydrofornia-p21400111-kopia.jpg\" alt=\"\" width=\"450\" height=\"338\" srcset=\"\/adamczewski\/wp-content\/uploads\/2009\/02\/dom-i-hydrofornia-p21400111-kopia.jpg 450w, \/adamczewski\/wp-content\/uploads\/2009\/02\/dom-i-hydrofornia-p21400111-kopia-300x225.jpg 300w\" sizes=\"(max-width: 450px) 100vw, 450px\" \/><\/p>\n<p><em>Drewutnia i spi\u017carnia a na pierwszym planie Charon czyli \u0142odka Kubusia<\/em><\/p>\n<p>Wyje\u017cd\u017cali\u015bmy wi\u0119c szcz\u0119\u015bliwi i doskonale zaopatrzeni: 200 jaj i 10 kg pysznych kartofli. Po drodze zajechali\u015bmy jeszcze do piekarni w Pu\u0142tusku, w kt\u00f3rej kupujemy takie chleby i bu\u0142ki o jakich warszawiacy nawet nie \u015bni\u0105.<\/p>\n<p>No to teraz mo\u017cemy czeka\u0107 spokojnie na wiosn\u0119.<\/p>\n<p>\u00a0<img loading=\"lazy\" decoding=\"async\" class=\"aligncenter size-full wp-image-781\" title=\"dom-basen-w-sniegup21400151-kopia\" src=\"\/wp-content\/uploads\/2009\/02\/dom-basen-w-sniegup21400151-kopia.jpg\" alt=\"\" width=\"450\" height=\"338\" srcset=\"\/adamczewski\/wp-content\/uploads\/2009\/02\/dom-basen-w-sniegup21400151-kopia.jpg 450w, \/adamczewski\/wp-content\/uploads\/2009\/02\/dom-basen-w-sniegup21400151-kopia-300x225.jpg 300w\" sizes=\"(max-width: 450px) 100vw, 450px\" \/><\/p>\n<p>\u00a0<\/p>\n<p><em>Ciekawe, kto by tam dzisiaj wlaz\u0142?<\/em><\/p>\n","protected":false},"excerpt":{"rendered":"<p>\u015aniegu nie za du\u017co ale pobiega\u0107 mo\u017cna Torty, rogaliki, ciasto dro\u017cd\u017cowe, a w czasie ostatk\u00f3w p\u0105czki (straszne ilo\u015bci dla strasznych m\u0142odych \u017car\u0142ok\u00f3w) powoduj\u0105, \u017ce jajka znikaj\u0105 z lod\u00f3wki z szybko\u015bci\u0105 wi\u0119ksz\u0105 ni\u017c jedno okr\u0105\u017cenie toru przez Kubic\u0119. Znowu musieli\u015bmy p\u0119dzi\u0107 na wie\u015b. Nikt bowiem w tej naszej rozwydrzonej kulinarnie rodzinie ( a i w\u015br\u00f3d przyjaci\u00f3\u0142 [&hellip;]<\/p>\n","protected":false},"author":2,"featured_media":0,"comment_status":"open","ping_status":"open","sticky":false,"template":"","format":"standard","meta":{"footnotes":""},"categories":[1],"tags":[],"_links":{"self":[{"href":"https:\/\/blog.polityka.pl\/adamczewski\/wp-json\/wp\/v2\/posts\/773"}],"collection":[{"href":"https:\/\/blog.polityka.pl\/adamczewski\/wp-json\/wp\/v2\/posts"}],"about":[{"href":"https:\/\/blog.polityka.pl\/adamczewski\/wp-json\/wp\/v2\/types\/post"}],"author":[{"embeddable":true,"href":"https:\/\/blog.polityka.pl\/adamczewski\/wp-json\/wp\/v2\/users\/2"}],"replies":[{"embeddable":true,"href":"https:\/\/blog.polityka.pl\/adamczewski\/wp-json\/wp\/v2\/comments?post=773"}],"version-history":[{"count":0,"href":"https:\/\/blog.polityka.pl\/adamczewski\/wp-json\/wp\/v2\/posts\/773\/revisions"}],"wp:attachment":[{"href":"https:\/\/blog.polityka.pl\/adamczewski\/wp-json\/wp\/v2\/media?parent=773"}],"wp:term":[{"taxonomy":"category","embeddable":true,"href":"https:\/\/blog.polityka.pl\/adamczewski\/wp-json\/wp\/v2\/categories?post=773"},{"taxonomy":"post_tag","embeddable":true,"href":"https:\/\/blog.polityka.pl\/adamczewski\/wp-json\/wp\/v2\/tags?post=773"}],"curies":[{"name":"wp","href":"https:\/\/api.w.org\/{rel}","templated":true}]}}