
{"id":7895,"date":"2013-12-10T07:00:32","date_gmt":"2013-12-10T06:00:32","guid":{"rendered":"http:\/\/adamczewski.blog.polityka.pl\/?p=7895"},"modified":"2013-12-06T16:28:05","modified_gmt":"2013-12-06T15:28:05","slug":"moje-zbrojne-ramie","status":"publish","type":"post","link":"https:\/\/blog.polityka.pl\/adamczewski\/2013\/12\/10\/moje-zbrojne-ramie\/","title":{"rendered":"Moje zbrojne rami\u0119!"},"content":{"rendered":"<p>Troch\u0119 jest przesady w tym tytule ale prawd\u0119 powiedziawszy chcia\u0142bym mie\u0107 takie zbrojne rami\u0119 ( a w\u0142a\u015bciwie ramiona, bo przecie\u017c jest ich dw\u00f3ch) do swojej dyspozycji. Nie ba\u0142 bym si\u0119 w\u00f3wczas nikogo. A tak&#8230;<!--more--><br \/>\nPascal Brodnicki i Karol Okrasa, kt\u00f3rych od dawna zaliczam do swoich bliskich znajomych (a nawet przyjaci\u00f3\u0142) to nie tylko dwaj wybijaj\u0105cych si\u0119 spo\u015br\u00f3d grona czo\u0142owych polskich szef\u00f3w kuchni ale tak\u017ce wyj\u0105tkowe &#8222;zwierz\u0119ta telewizyjne&#8221;. Programy z ich udzia\u0142em ciesz\u0105 si\u0119 wielkim powodzeniem, bo chyba nikt tak jak oni nie czuje kamery. Dysponuj\u0105 przy tym niebywa\u0142ym poczuciem humoru a ich dowcipy nie przekraczaj\u0105 norm dobrego smaku. A w\u0142a\u015bnie dobrym smakiem dysponuj\u0105 i w dziedzinie kulinarnej. Dlatego dobrze rozumiem szef\u00f3w Lidla, kt\u00f3rzy nam\u00f3wili obu ch\u0142opak\u00f3w na d\u0142uuuugi kontrakt.<br \/>\n<a href=\"\/wp-content\/uploads\/2013\/12\/okrasa-kontra-pascal_01.jpg\"><img loading=\"lazy\" decoding=\"async\" class=\"aligncenter size-medium wp-image-7897\" title=\"okrasa kontra pascal_01\" src=\"\/wp-content\/uploads\/2013\/12\/okrasa-kontra-pascal_01-230x300.jpg\" alt=\"\" width=\"230\" height=\"300\" \/><\/a><\/p>\n<p>Korzy\u015bci z tego odnosz\u0105 tak\u017ce i pro\u015bci smakosze tacy jak ja. Oto ukaza\u0142a si\u0119 ksi\u0105\u017cka (to te\u017c oczywi\u015bcie w ramach reklamy) ze 104 przepisami Okrasy i Brodnickiego. Ksi\u0105\u017cka ma wiele zalet i warto j\u0105 mie\u0107 w kuchni pod r\u0119k\u0105. Nie do\u015b\u0107, \u017ce jest fajnie zilustrowana (bez sztucznego podrasowywania produkt\u00f3w), to przepisy s\u0105 jasno zapisane i podane wr\u0119cz na talerzu. Trzeba by\u0107 wyj\u0105tkowym antytalentem kulinarnym, by nie potrafi\u0107 zrealizowa\u0107 pascalowy chlebek mi\u0119sny czy te\u017c soczystego \u0142ososia z sosem z rukoli wg. Okrasy.<\/p>\n<p><a href=\"\/wp-content\/uploads\/2013\/12\/pascal-kontra-okrasa_01.jpg\"><img loading=\"lazy\" decoding=\"async\" class=\"aligncenter size-medium wp-image-7898\" title=\"pascal kontra okrasa_01\" src=\"\/wp-content\/uploads\/2013\/12\/pascal-kontra-okrasa_01-230x300.jpg\" alt=\"\" width=\"230\" height=\"300\" \/><\/a><br \/>\nDo tego obaj kucharze \u015bcigaj\u0105 si\u0119 w podawaniu porad u\u0142atwiaj\u0105cych funkcjonowanie w kuchni. Ot cho\u0107by takich: &#8222;\u017beby zio\u0142a nie straci\u0142y swego aromatu, kr\u00f3j je na desce ze szk\u0142a, porcelany lub tworzywa sztucznego. Drewno wyci\u0105ga z zi\u00f3\u0142 aromat. Mo\u017cesz je ci\u0105\u0107 te\u017c no\u017cyczkami.&#8221;<br \/>\nWarto to zapami\u0119ta\u0107.<\/p>\n","protected":false},"excerpt":{"rendered":"<p>Troch\u0119 jest przesady w tym tytule ale prawd\u0119 powiedziawszy chcia\u0142bym mie\u0107 takie zbrojne rami\u0119 ( a w\u0142a\u015bciwie ramiona, bo przecie\u017c jest ich dw\u00f3ch) do swojej dyspozycji. Nie ba\u0142 bym si\u0119 w\u00f3wczas nikogo. A tak&#8230;<\/p>\n","protected":false},"author":2,"featured_media":0,"comment_status":"open","ping_status":"closed","sticky":false,"template":"","format":"standard","meta":{"footnotes":""},"categories":[1],"tags":[],"_links":{"self":[{"href":"https:\/\/blog.polityka.pl\/adamczewski\/wp-json\/wp\/v2\/posts\/7895"}],"collection":[{"href":"https:\/\/blog.polityka.pl\/adamczewski\/wp-json\/wp\/v2\/posts"}],"about":[{"href":"https:\/\/blog.polityka.pl\/adamczewski\/wp-json\/wp\/v2\/types\/post"}],"author":[{"embeddable":true,"href":"https:\/\/blog.polityka.pl\/adamczewski\/wp-json\/wp\/v2\/users\/2"}],"replies":[{"embeddable":true,"href":"https:\/\/blog.polityka.pl\/adamczewski\/wp-json\/wp\/v2\/comments?post=7895"}],"version-history":[{"count":2,"href":"https:\/\/blog.polityka.pl\/adamczewski\/wp-json\/wp\/v2\/posts\/7895\/revisions"}],"predecessor-version":[{"id":7899,"href":"https:\/\/blog.polityka.pl\/adamczewski\/wp-json\/wp\/v2\/posts\/7895\/revisions\/7899"}],"wp:attachment":[{"href":"https:\/\/blog.polityka.pl\/adamczewski\/wp-json\/wp\/v2\/media?parent=7895"}],"wp:term":[{"taxonomy":"category","embeddable":true,"href":"https:\/\/blog.polityka.pl\/adamczewski\/wp-json\/wp\/v2\/categories?post=7895"},{"taxonomy":"post_tag","embeddable":true,"href":"https:\/\/blog.polityka.pl\/adamczewski\/wp-json\/wp\/v2\/tags?post=7895"}],"curies":[{"name":"wp","href":"https:\/\/api.w.org\/{rel}","templated":true}]}}