
{"id":7954,"date":"2013-12-18T07:00:01","date_gmt":"2013-12-18T06:00:01","guid":{"rendered":"http:\/\/adamczewski.blog.polityka.pl\/?p=7954"},"modified":"2013-12-18T07:34:21","modified_gmt":"2013-12-18T06:34:21","slug":"sama-slodycz-2","status":"publish","type":"post","link":"https:\/\/blog.polityka.pl\/adamczewski\/2013\/12\/18\/sama-slodycz-2\/","title":{"rendered":"Sama s\u0142odycz!"},"content":{"rendered":"<div id=\"_mcePaste\">Mimo, \u017ce \u015bwi\u0119ta nie u nas, to i tak pracy jest sporo. Robimy pasztet, kuti\u0119, \u015bledzie, makowce i kt\u00f3ry\u015b z tort\u00f3w. Nie ma wi\u0119c czasu na d\u0142u\u017cszy tekst. Ale \u017ceby jednak da\u0107 impuls do pogaduszek zamieszcz\u0119 par\u0119 zdj\u0119\u0107 s\u0142odyczy naszej domowej produkcji. A na ostatnim zdj\u0119ciu poka\u017c\u0119 knyszyki, o kt\u00f3re ostatnio pyta\u0142em.<!--more--><\/div>\n<div id=\"_mcePaste\">Jeszcze przed \u015bwi\u0119tami zd\u0105\u017cymy z\u0142o\u017cy\u0107 sobie \u017cyczenia a i pogada\u0107 od serca.<\/div>\n<p><a href=\"\/wp-content\/uploads\/2013\/12\/Makowce-imieninowe-PC040005.jpg\"><img loading=\"lazy\" decoding=\"async\" class=\"aligncenter size-medium wp-image-7955\" title=\"OLYMPUS DIGITAL CAMERA\" src=\"\/wp-content\/uploads\/2013\/12\/Makowce-imieninowe-PC040005-300x225.jpg\" alt=\"\" width=\"300\" height=\"225\" srcset=\"\/adamczewski\/wp-content\/uploads\/2013\/12\/Makowce-imieninowe-PC040005-300x225.jpg 300w, \/adamczewski\/wp-content\/uploads\/2013\/12\/Makowce-imieninowe-PC040005.jpg 640w\" sizes=\"(max-width: 300px) 100vw, 300px\" \/><\/a><em>Makowce pachn\u0105 w ca\u0142ym domu<\/em><\/p>\n<p><em><a href=\"\/wp-content\/uploads\/2013\/12\/Zuzi-cha\u0142ka.jpg\"><img loading=\"lazy\" decoding=\"async\" class=\"aligncenter size-medium wp-image-7956\" title=\"OLYMPUS DIGITAL CAMERA\" src=\"\/wp-content\/uploads\/2013\/12\/Zuzi-cha\u0142ka-300x225.jpg\" alt=\"\" width=\"300\" height=\"225\" srcset=\"\/adamczewski\/wp-content\/uploads\/2013\/12\/Zuzi-cha\u0142ka-300x225.jpg 300w, \/adamczewski\/wp-content\/uploads\/2013\/12\/Zuzi-cha\u0142ka.jpg 640w\" sizes=\"(max-width: 300px) 100vw, 300px\" \/><\/a>Cha\u0142ka z serowym nadzieniem<\/em><\/p>\n<p><em><a href=\"\/wp-content\/uploads\/2013\/12\/tort-marcelloDSCN0541.jpg\"><img loading=\"lazy\" decoding=\"async\" class=\"aligncenter size-medium wp-image-7957\" title=\"tort marcelloDSCN0541\" src=\"\/wp-content\/uploads\/2013\/12\/tort-marcelloDSCN0541-300x225.jpg\" alt=\"\" width=\"300\" height=\"225\" srcset=\"\/adamczewski\/wp-content\/uploads\/2013\/12\/tort-marcelloDSCN0541-300x225.jpg 300w, \/adamczewski\/wp-content\/uploads\/2013\/12\/tort-marcelloDSCN0541.jpg 640w\" sizes=\"(max-width: 300px) 100vw, 300px\" \/><\/a>Tort marcello<\/em><\/p>\n<p><em><a href=\"\/wp-content\/uploads\/2013\/12\/Tort-morelowy-polukrowany.jpg\"><img loading=\"lazy\" decoding=\"async\" class=\"aligncenter size-medium wp-image-7958\" title=\"OLYMPUS DIGITAL CAMERA\" src=\"\/wp-content\/uploads\/2013\/12\/Tort-morelowy-polukrowany-300x225.jpg\" alt=\"\" width=\"300\" height=\"225\" srcset=\"\/adamczewski\/wp-content\/uploads\/2013\/12\/Tort-morelowy-polukrowany-300x225.jpg 300w, \/adamczewski\/wp-content\/uploads\/2013\/12\/Tort-morelowy-polukrowany.jpg 640w\" sizes=\"(max-width: 300px) 100vw, 300px\" \/><\/a>Tort morelowy z lukrem<\/em><\/p>\n<p><em><a href=\"\/wp-content\/uploads\/2013\/12\/tort-weselny5.jpg\"><img loading=\"lazy\" decoding=\"async\" class=\"aligncenter size-medium wp-image-7959\" title=\"OLYMPUS DIGITAL CAMERA\" src=\"\/wp-content\/uploads\/2013\/12\/tort-weselny5-300x225.jpg\" alt=\"\" width=\"300\" height=\"225\" srcset=\"\/adamczewski\/wp-content\/uploads\/2013\/12\/tort-weselny5-300x225.jpg 300w, \/adamczewski\/wp-content\/uploads\/2013\/12\/tort-weselny5.jpg 640w\" sizes=\"(max-width: 300px) 100vw, 300px\" \/><\/a>Tort bezowy z malinami<\/em><\/p>\n<p><em><a href=\"\/wp-content\/uploads\/2013\/12\/knyszyki-z-grzybami-i-kapust\u0105.jpg\"><img loading=\"lazy\" decoding=\"async\" class=\"aligncenter size-medium wp-image-7962\" title=\"OLYMPUS DIGITAL CAMERA\" src=\"\/wp-content\/uploads\/2013\/12\/knyszyki-z-grzybami-i-kapust\u0105-300x225.jpg\" alt=\"\" width=\"300\" height=\"225\" srcset=\"\/adamczewski\/wp-content\/uploads\/2013\/12\/knyszyki-z-grzybami-i-kapust\u0105-300x225.jpg 300w, \/adamczewski\/wp-content\/uploads\/2013\/12\/knyszyki-z-grzybami-i-kapust\u0105.jpg 640w\" sizes=\"(max-width: 300px) 100vw, 300px\" \/><\/a>Knyszyki z grzybami i kapust\u0105 zwane te\u017c kulebiaczkami<\/em><\/p>\n<p><em>I to wszystko na dzi\u015b!<\/em><\/p>\n<p><em><br \/>\n<\/em><\/p>\n","protected":false},"excerpt":{"rendered":"<p>Mimo, \u017ce \u015bwi\u0119ta nie u nas, to i tak pracy jest sporo. Robimy pasztet, kuti\u0119, \u015bledzie, makowce i kt\u00f3ry\u015b z tort\u00f3w. Nie ma wi\u0119c czasu na d\u0142u\u017cszy tekst. Ale \u017ceby jednak da\u0107 impuls do pogaduszek zamieszcz\u0119 par\u0119 zdj\u0119\u0107 s\u0142odyczy naszej domowej produkcji. A na ostatnim zdj\u0119ciu poka\u017c\u0119 knyszyki, o kt\u00f3re ostatnio pyta\u0142em.<\/p>\n","protected":false},"author":2,"featured_media":0,"comment_status":"open","ping_status":"closed","sticky":false,"template":"","format":"standard","meta":{"footnotes":""},"categories":[1],"tags":[],"_links":{"self":[{"href":"https:\/\/blog.polityka.pl\/adamczewski\/wp-json\/wp\/v2\/posts\/7954"}],"collection":[{"href":"https:\/\/blog.polityka.pl\/adamczewski\/wp-json\/wp\/v2\/posts"}],"about":[{"href":"https:\/\/blog.polityka.pl\/adamczewski\/wp-json\/wp\/v2\/types\/post"}],"author":[{"embeddable":true,"href":"https:\/\/blog.polityka.pl\/adamczewski\/wp-json\/wp\/v2\/users\/2"}],"replies":[{"embeddable":true,"href":"https:\/\/blog.polityka.pl\/adamczewski\/wp-json\/wp\/v2\/comments?post=7954"}],"version-history":[{"count":4,"href":"https:\/\/blog.polityka.pl\/adamczewski\/wp-json\/wp\/v2\/posts\/7954\/revisions"}],"predecessor-version":[{"id":7964,"href":"https:\/\/blog.polityka.pl\/adamczewski\/wp-json\/wp\/v2\/posts\/7954\/revisions\/7964"}],"wp:attachment":[{"href":"https:\/\/blog.polityka.pl\/adamczewski\/wp-json\/wp\/v2\/media?parent=7954"}],"wp:term":[{"taxonomy":"category","embeddable":true,"href":"https:\/\/blog.polityka.pl\/adamczewski\/wp-json\/wp\/v2\/categories?post=7954"},{"taxonomy":"post_tag","embeddable":true,"href":"https:\/\/blog.polityka.pl\/adamczewski\/wp-json\/wp\/v2\/tags?post=7954"}],"curies":[{"name":"wp","href":"https:\/\/api.w.org\/{rel}","templated":true}]}}