
{"id":7965,"date":"2013-12-19T07:00:11","date_gmt":"2013-12-19T06:00:11","guid":{"rendered":"http:\/\/adamczewski.blog.polityka.pl\/?p=7965"},"modified":"2013-12-19T07:30:50","modified_gmt":"2013-12-19T06:30:50","slug":"przedswiateczna-groza","status":"publish","type":"post","link":"https:\/\/blog.polityka.pl\/adamczewski\/2013\/12\/19\/przedswiateczna-groza\/","title":{"rendered":"Przed\u015bwi\u0105teczna groza!"},"content":{"rendered":"<p><strong>Przed\u015bwi\u0105teczna groza!<\/strong><\/p>\n<p>Wczoraj czyli w \u015brod\u0119 byli\u015bmy w naszej wsi. Mieli\u015bmy do zawiezienia troch\u0119 domowych sprz\u0119t\u00f3w uprzednio stamt\u0105d wywiezionych a tak\u017ce konieczno\u015b\u0107 uzupe\u0142nienia znikaj\u0105cego b\u0142yskawicznie zapasu jajek od zaprzyja\u017anionych kur.<!--more--><\/p>\n<p>R\u00f3wnie wa\u017cnym powodem by\u0142o zawiezienie podarunk\u00f3w \u015bwi\u0105tecznych i \u017cycze\u0144 naszym s\u0105siadom i wiejskim przyjacio\u0142om.<\/p>\n<p><em><a href=\"\/wp-content\/uploads\/2013\/12\/Jesien.jpg\"><img loading=\"lazy\" decoding=\"async\" class=\"aligncenter size-medium wp-image-7968\" title=\"OLYMPUS DIGITAL CAMERA\" src=\"\/wp-content\/uploads\/2013\/12\/Jesien-300x225.jpg\" alt=\"\" width=\"300\" height=\"225\" srcset=\"\/adamczewski\/wp-content\/uploads\/2013\/12\/Jesien-300x225.jpg 300w, \/adamczewski\/wp-content\/uploads\/2013\/12\/Jesien.jpg 640w\" sizes=\"(max-width: 300px) 100vw, 300px\" \/><\/a>Jesie\u0144 to czy zima?<\/em><\/p>\n<p>Wszystkie powinno\u015bci zosta\u0142y spe\u0142nione. Podr\u00f3\u017c przebiega\u0142a bez zak\u0142\u00f3ce\u0144, co u\u0142atwia\u0142a pogoda bez\u015bnie\u017cna i bezdeszczowa, a czasem nawet wr\u0119cz s\u0142oneczna. Podczas kr\u00f3tkiej wizyty u najbli\u017cszych s\u0105siad\u00f3w dowiedzieli\u015bmy si\u0119, \u017ce obyczaj wigilii przed wigili\u0105 urz\u0105dzanej w wielu firmach i zak\u0142adach pracy dotar\u0142 ju\u017c i na wie\u015b. Nasz s\u0105siad je\u017adzi co najmniej raz dziennie na takie imprezy i ju\u017c trudem dopina si\u0119 na nim marynarka. O przestrzeganiu ustawy zabraniaj\u0105cej prowadzenia auta po kieliszeczku nawet nie wspomina\u0142em. Nie wyobra\u017cam sobie bowiem, by takie wigilijne spotkanko oby\u0142o si\u0119 bez \u017cytniej czy \u017co\u0142\u0105dkowej gorzkiej. By\u0142a wi\u0119c ju\u017c wigilia \u00a0dla wszystkich so\u0142tys\u00f3w, potem partyjna czyli PSL-owska, a tak\u017ce w Banku Sp\u00f3\u0142dzielczym, stowarzyszeniu hodowc\u00f3w ogier\u00f3w, kole gospody\u0144 wiejskich a tak\u017ce i mleczarzy. Ufff.<\/p>\n<p><a href=\"\/wp-content\/uploads\/2013\/12\/Zimowy-serdelek.jpg\"><img loading=\"lazy\" decoding=\"async\" class=\"aligncenter size-medium wp-image-7969\" title=\"OLYMPUS DIGITAL CAMERA\" src=\"\/wp-content\/uploads\/2013\/12\/Zimowy-serdelek-300x225.jpg\" alt=\"\" width=\"300\" height=\"225\" srcset=\"\/adamczewski\/wp-content\/uploads\/2013\/12\/Zimowy-serdelek-300x225.jpg 300w, \/adamczewski\/wp-content\/uploads\/2013\/12\/Zimowy-serdelek.jpg 640w\" sizes=\"(max-width: 300px) 100vw, 300px\" \/><\/a><em>Gor\u0105ca par\u00f3weczka jest lepsza ni\u017c kaloryfer<\/em><\/p>\n<p>Prawdziwe \u015bwi\u0119ta w mojej wsi tak\u017ce si\u0119 odb\u0119d\u0105, ale tylko dzi\u0119ki temu, \u017ce gospodynie na og\u00f3\u0142 w tamtych biesiadach wst\u0119pnych nie uczestnicz\u0105. I w tym czasie w\u0142a\u015bnie \u00a0piek\u0105 baby, makowce, kr\u0119c\u0105 majonezy i gotuj\u0105 kapust\u0119 z grzybami.<\/p>\n<p>Po tej wizycie ograniczam odbieranie telefon\u00f3w i dzi\u0119ki temu moje przed\u015bwi\u0105teczne spotkania nie zagra\u017caj\u0105 memu \u017cyciu ani zdrowiu. B\u0119d\u0119 bowiem tylko dw\u00f3ch takich imprezach. A w dodatku nigdy nie pij\u0119 (nawet kusztyczka) gdy siadam za kierownic\u0119, wi\u0119c do \u015bwi\u0105t dotrwam zapewne w trze\u017awo\u015bci.<\/p>\n<p><em>Fot. P. Adamczewski<\/em><\/p>\n","protected":false},"excerpt":{"rendered":"<p>Przed\u015bwi\u0105teczna groza! Wczoraj czyli w \u015brod\u0119 byli\u015bmy w naszej wsi. Mieli\u015bmy do zawiezienia troch\u0119 domowych sprz\u0119t\u00f3w uprzednio stamt\u0105d wywiezionych a tak\u017ce konieczno\u015b\u0107 uzupe\u0142nienia znikaj\u0105cego b\u0142yskawicznie zapasu jajek od zaprzyja\u017anionych kur.<\/p>\n","protected":false},"author":2,"featured_media":0,"comment_status":"open","ping_status":"closed","sticky":false,"template":"","format":"standard","meta":{"footnotes":""},"categories":[1],"tags":[],"_links":{"self":[{"href":"https:\/\/blog.polityka.pl\/adamczewski\/wp-json\/wp\/v2\/posts\/7965"}],"collection":[{"href":"https:\/\/blog.polityka.pl\/adamczewski\/wp-json\/wp\/v2\/posts"}],"about":[{"href":"https:\/\/blog.polityka.pl\/adamczewski\/wp-json\/wp\/v2\/types\/post"}],"author":[{"embeddable":true,"href":"https:\/\/blog.polityka.pl\/adamczewski\/wp-json\/wp\/v2\/users\/2"}],"replies":[{"embeddable":true,"href":"https:\/\/blog.polityka.pl\/adamczewski\/wp-json\/wp\/v2\/comments?post=7965"}],"version-history":[{"count":4,"href":"https:\/\/blog.polityka.pl\/adamczewski\/wp-json\/wp\/v2\/posts\/7965\/revisions"}],"predecessor-version":[{"id":7967,"href":"https:\/\/blog.polityka.pl\/adamczewski\/wp-json\/wp\/v2\/posts\/7965\/revisions\/7967"}],"wp:attachment":[{"href":"https:\/\/blog.polityka.pl\/adamczewski\/wp-json\/wp\/v2\/media?parent=7965"}],"wp:term":[{"taxonomy":"category","embeddable":true,"href":"https:\/\/blog.polityka.pl\/adamczewski\/wp-json\/wp\/v2\/categories?post=7965"},{"taxonomy":"post_tag","embeddable":true,"href":"https:\/\/blog.polityka.pl\/adamczewski\/wp-json\/wp\/v2\/tags?post=7965"}],"curies":[{"name":"wp","href":"https:\/\/api.w.org\/{rel}","templated":true}]}}