
{"id":7986,"date":"2013-12-24T07:00:56","date_gmt":"2013-12-24T06:00:56","guid":{"rendered":"http:\/\/adamczewski.blog.polityka.pl\/?p=7986"},"modified":"2013-12-19T15:43:01","modified_gmt":"2013-12-19T14:43:01","slug":"swiateczne-zyczenia","status":"publish","type":"post","link":"https:\/\/blog.polityka.pl\/adamczewski\/2013\/12\/24\/swiateczne-zyczenia\/","title":{"rendered":"\u015awi\u0105teczne \u017cyczenia"},"content":{"rendered":"<div id=\"_mcePaste\"><strong>Weso\u0142ych, Smacznych i Zdrowych \u015awi\u0105t!<\/strong><\/div>\n<div id=\"_mcePaste\"><a href=\"\/wp-content\/uploads\/2013\/12\/Berlin-my.jpg\"><img loading=\"lazy\" decoding=\"async\" class=\"aligncenter size-medium wp-image-7987\" title=\"Berlin my\" src=\"\/wp-content\/uploads\/2013\/12\/Berlin-my-300x168.jpg\" alt=\"\" width=\"300\" height=\"168\" srcset=\"\/adamczewski\/wp-content\/uploads\/2013\/12\/Berlin-my-300x168.jpg 300w, \/adamczewski\/wp-content\/uploads\/2013\/12\/Berlin-my.jpg 640w\" sizes=\"(max-width: 300px) 100vw, 300px\" \/><\/a><\/div>\n<div>Takie banalne ale chyba w\u0142a\u015bciwe \u017cyczenia przychodz\u0105 mi do g\u0142owy gdy my\u015bl\u0119 o wszystkich przyjacio\u0142ach i znajomych. I takie w\u0142a\u015bnie \u017cyczenia Wam sk\u0142adamy. Wam czyli wszystkim uczestnikom blogu, tym wytrwa\u0142ym, i tym by\u0142ym oraz tym, kt\u00f3rzy czytaj\u0105 milcz\u0105c. Tym ostatnim \u017cycz\u0119 wi\u0119c by nabrali \u015bmia\u0142o\u015bci i odezwali si\u0119.<\/div>\n<div id=\"_mcePaste\">Do zobaczenia po \u015bwi\u0119tach!<\/div>\n","protected":false},"excerpt":{"rendered":"<p>Weso\u0142ych, Smacznych i Zdrowych \u015awi\u0105t! Takie banalne ale chyba w\u0142a\u015bciwe \u017cyczenia przychodz\u0105 mi do g\u0142owy gdy my\u015bl\u0119 o wszystkich przyjacio\u0142ach i znajomych. I takie w\u0142a\u015bnie \u017cyczenia Wam sk\u0142adamy. Wam czyli wszystkim uczestnikom blogu, tym wytrwa\u0142ym, i tym by\u0142ym oraz tym, kt\u00f3rzy czytaj\u0105 milcz\u0105c. Tym ostatnim \u017cycz\u0119 wi\u0119c by nabrali \u015bmia\u0142o\u015bci i odezwali si\u0119. Do zobaczenia [&hellip;]<\/p>\n","protected":false},"author":2,"featured_media":0,"comment_status":"open","ping_status":"closed","sticky":false,"template":"","format":"standard","meta":{"footnotes":""},"categories":[1],"tags":[],"_links":{"self":[{"href":"https:\/\/blog.polityka.pl\/adamczewski\/wp-json\/wp\/v2\/posts\/7986"}],"collection":[{"href":"https:\/\/blog.polityka.pl\/adamczewski\/wp-json\/wp\/v2\/posts"}],"about":[{"href":"https:\/\/blog.polityka.pl\/adamczewski\/wp-json\/wp\/v2\/types\/post"}],"author":[{"embeddable":true,"href":"https:\/\/blog.polityka.pl\/adamczewski\/wp-json\/wp\/v2\/users\/2"}],"replies":[{"embeddable":true,"href":"https:\/\/blog.polityka.pl\/adamczewski\/wp-json\/wp\/v2\/comments?post=7986"}],"version-history":[{"count":2,"href":"https:\/\/blog.polityka.pl\/adamczewski\/wp-json\/wp\/v2\/posts\/7986\/revisions"}],"predecessor-version":[{"id":7992,"href":"https:\/\/blog.polityka.pl\/adamczewski\/wp-json\/wp\/v2\/posts\/7986\/revisions\/7992"}],"wp:attachment":[{"href":"https:\/\/blog.polityka.pl\/adamczewski\/wp-json\/wp\/v2\/media?parent=7986"}],"wp:term":[{"taxonomy":"category","embeddable":true,"href":"https:\/\/blog.polityka.pl\/adamczewski\/wp-json\/wp\/v2\/categories?post=7986"},{"taxonomy":"post_tag","embeddable":true,"href":"https:\/\/blog.polityka.pl\/adamczewski\/wp-json\/wp\/v2\/tags?post=7986"}],"curies":[{"name":"wp","href":"https:\/\/api.w.org\/{rel}","templated":true}]}}