
{"id":7995,"date":"2013-12-27T07:00:59","date_gmt":"2013-12-27T06:00:59","guid":{"rendered":"http:\/\/adamczewski.blog.polityka.pl\/?p=7995"},"modified":"2013-12-20T15:12:52","modified_gmt":"2013-12-20T14:12:52","slug":"chwila-przerwy-miedzy-ucztami","status":"publish","type":"post","link":"https:\/\/blog.polityka.pl\/adamczewski\/2013\/12\/27\/chwila-przerwy-miedzy-ucztami\/","title":{"rendered":"Chwila przerwy mi\u0119dzy ucztami"},"content":{"rendered":"<p>Mimo braku prawdziwej zimy \u015bwi\u0119ta by\u0142y udane. Po pierwsze nikt si\u0119 nie przejad\u0142 ani nie przepi\u0142. A pokus by\u0142o co niemiara. \u015awiadczy o to o sile charakter\u00f3w ca\u0142ej rodziny i reszty biesiadnik\u00f3w. Tym razem prezenty by\u0142y wy\u0142\u0105cznie z dziedziny kultury. Warto\u015bciowe ksi\u0105\u017cki i atrakcyjne p\u0142yty.<!--more--><br \/>\n<a href=\"\/wp-content\/uploads\/2013\/12\/Szampan-rocznik-99.jpg\"><img loading=\"lazy\" decoding=\"async\" class=\"aligncenter size-medium wp-image-7999\" title=\"OLYMPUS DIGITAL CAMERA\" src=\"\/wp-content\/uploads\/2013\/12\/Szampan-rocznik-99-225x300.jpg\" alt=\"\" width=\"225\" height=\"300\" srcset=\"\/adamczewski\/wp-content\/uploads\/2013\/12\/Szampan-rocznik-99-225x300.jpg 225w, \/adamczewski\/wp-content\/uploads\/2013\/12\/Szampan-rocznik-99.jpg 360w\" sizes=\"(max-width: 225px) 100vw, 225px\" \/><\/a><\/p>\n<p>Mam nadziej\u0119, \u017ce wi\u0119kszo\u015b\u0107 uczestnik\u00f3w blogu tak\u017ce przetrwa\u0142a te dni a mo\u017ce mia\u0142a nawet w tym czasie wiele r\u00f3\u017cnych przyjemno\u015bci. Teraz ju\u017c pozosta\u0142y tylko przygotowania do po\u017cegnania starego i powitania nowego roku.<br \/>\nU nas w domu b\u0119dzie zgodnie z tradycj\u0105 czyli albo we dwoje, albo we czworo. Ale za to w najlepszym(wg. nas)\u00a0 i naj\u015bci\u015blej zaprzyja\u017anionym gronie. Na stole te\u017c tradycyjne dania, kt\u00f3re przyrz\u0105dzam rok w rok wi\u0119c nie b\u0119d\u0119 tym tematem nikogo zanudza\u0142.\u00a0 Zreszt\u0105 tu\u017c przed tym balem jeszcze si\u0119 odezw\u0119 i zapewne opowiem nieco wi\u0119cej. Teraz pakujemy si\u0119 i ruszamy w podr\u00f3\u017c powrotn\u0105 z Wroc\u0142awia, w kt\u00f3rym sp\u0119dzili\u015bmy cztery dni, do Warszawy. A jazda po nowootwartych drogach jest naprawd\u0119 przyjemno\u015bci\u0105. O tym te\u017c opowiem, bo w dobie powszechnego lamentu wszystkich na wszystko warto czasem wyda\u0107 okrzyk rado\u015bci. Nawet w drobnej sprawie.<br \/>\nNo to do zobaczenia!<\/p>\n","protected":false},"excerpt":{"rendered":"<p>Mimo braku prawdziwej zimy \u015bwi\u0119ta by\u0142y udane. Po pierwsze nikt si\u0119 nie przejad\u0142 ani nie przepi\u0142. A pokus by\u0142o co niemiara. \u015awiadczy o to o sile charakter\u00f3w ca\u0142ej rodziny i reszty biesiadnik\u00f3w. Tym razem prezenty by\u0142y wy\u0142\u0105cznie z dziedziny kultury. Warto\u015bciowe ksi\u0105\u017cki i atrakcyjne p\u0142yty.<\/p>\n","protected":false},"author":2,"featured_media":0,"comment_status":"open","ping_status":"closed","sticky":false,"template":"","format":"standard","meta":{"footnotes":""},"categories":[1],"tags":[],"_links":{"self":[{"href":"https:\/\/blog.polityka.pl\/adamczewski\/wp-json\/wp\/v2\/posts\/7995"}],"collection":[{"href":"https:\/\/blog.polityka.pl\/adamczewski\/wp-json\/wp\/v2\/posts"}],"about":[{"href":"https:\/\/blog.polityka.pl\/adamczewski\/wp-json\/wp\/v2\/types\/post"}],"author":[{"embeddable":true,"href":"https:\/\/blog.polityka.pl\/adamczewski\/wp-json\/wp\/v2\/users\/2"}],"replies":[{"embeddable":true,"href":"https:\/\/blog.polityka.pl\/adamczewski\/wp-json\/wp\/v2\/comments?post=7995"}],"version-history":[{"count":4,"href":"https:\/\/blog.polityka.pl\/adamczewski\/wp-json\/wp\/v2\/posts\/7995\/revisions"}],"predecessor-version":[{"id":7998,"href":"https:\/\/blog.polityka.pl\/adamczewski\/wp-json\/wp\/v2\/posts\/7995\/revisions\/7998"}],"wp:attachment":[{"href":"https:\/\/blog.polityka.pl\/adamczewski\/wp-json\/wp\/v2\/media?parent=7995"}],"wp:term":[{"taxonomy":"category","embeddable":true,"href":"https:\/\/blog.polityka.pl\/adamczewski\/wp-json\/wp\/v2\/categories?post=7995"},{"taxonomy":"post_tag","embeddable":true,"href":"https:\/\/blog.polityka.pl\/adamczewski\/wp-json\/wp\/v2\/tags?post=7995"}],"curies":[{"name":"wp","href":"https:\/\/api.w.org\/{rel}","templated":true}]}}