
{"id":8214,"date":"2007-12-10T00:08:28","date_gmt":"2007-12-09T23:08:28","guid":{"rendered":"http:\/\/adamczewscy.nowy-swiat.pl\/?p=128"},"modified":"2007-12-10T00:08:28","modified_gmt":"2007-12-09T23:08:28","slug":"kruszonka","status":"publish","type":"post","link":"https:\/\/blog.polityka.pl\/adamczewski\/2007\/12\/10\/kruszonka\/","title":{"rendered":"Kruszonka"},"content":{"rendered":"<p><em>\u0142y\u017cka m\u0105ki, \u0142y\u017cka cukru, ok. ? \u0142y\u017cki mi\u0119kkiego mas\u0142a<\/em><\/p>\n<p>1. Wszystkie sk\u0142adniki umie\u015bci\u0107 w miseczce i zagnie\u015b\u0107, staraj\u0105c si\u0119 palcami od razu kruszy\u0107 na drobne grudki.<br \/>\nMo\u017cna doda\u0107 nieco cukru wanilinowego.<\/p>\n<p>Kruszonk\u0105 posypuje si\u0119 placki przed wstawieniem ich do piekarnika.<\/p>\n","protected":false},"excerpt":{"rendered":"<p>\u0142y\u017cka m\u0105ki, \u0142y\u017cka cukru, ok. ? \u0142y\u017cki mi\u0119kkiego mas\u0142a 1. Wszystkie sk\u0142adniki umie\u015bci\u0107 w miseczce i zagnie\u015b\u0107, staraj\u0105c si\u0119 palcami od razu kruszy\u0107 na drobne grudki. Mo\u017cna doda\u0107 nieco cukru wanilinowego. Kruszonk\u0105 posypuje si\u0119 placki przed wstawieniem ich do piekarnika.<\/p>\n","protected":false},"author":2,"featured_media":0,"comment_status":"open","ping_status":"open","sticky":false,"template":"","format":"standard","meta":{"footnotes":""},"categories":[1],"tags":[],"_links":{"self":[{"href":"https:\/\/blog.polityka.pl\/adamczewski\/wp-json\/wp\/v2\/posts\/8214"}],"collection":[{"href":"https:\/\/blog.polityka.pl\/adamczewski\/wp-json\/wp\/v2\/posts"}],"about":[{"href":"https:\/\/blog.polityka.pl\/adamczewski\/wp-json\/wp\/v2\/types\/post"}],"author":[{"embeddable":true,"href":"https:\/\/blog.polityka.pl\/adamczewski\/wp-json\/wp\/v2\/users\/2"}],"replies":[{"embeddable":true,"href":"https:\/\/blog.polityka.pl\/adamczewski\/wp-json\/wp\/v2\/comments?post=8214"}],"version-history":[{"count":0,"href":"https:\/\/blog.polityka.pl\/adamczewski\/wp-json\/wp\/v2\/posts\/8214\/revisions"}],"wp:attachment":[{"href":"https:\/\/blog.polityka.pl\/adamczewski\/wp-json\/wp\/v2\/media?parent=8214"}],"wp:term":[{"taxonomy":"category","embeddable":true,"href":"https:\/\/blog.polityka.pl\/adamczewski\/wp-json\/wp\/v2\/categories?post=8214"},{"taxonomy":"post_tag","embeddable":true,"href":"https:\/\/blog.polityka.pl\/adamczewski\/wp-json\/wp\/v2\/tags?post=8214"}],"curies":[{"name":"wp","href":"https:\/\/api.w.org\/{rel}","templated":true}]}}