
{"id":822,"date":"2009-03-18T08:00:28","date_gmt":"2009-03-18T07:00:28","guid":{"rendered":"http:\/\/adamczewski.blog.polityka.pl\/?p=822"},"modified":"2009-03-13T15:15:00","modified_gmt":"2009-03-13T14:15:00","slug":"zgadnij-co-gotujemy125","status":"publish","type":"post","link":"https:\/\/blog.polityka.pl\/adamczewski\/2009\/03\/18\/zgadnij-co-gotujemy125\/","title":{"rendered":"Zgadnij co gotujemy?(125)"},"content":{"rendered":"<p>Czy liczba sto dwadzie\u015bcia pi\u0119\u0107 to jubileusz? Ee tam, \u015bwi\u0119towa\u0107 b\u0119dziemy przy stupi\u0119\u0107dziesi\u0105tce! Teraz normalna \u015brodowa orka czyli rozwi\u0105zywanie zagadek.<\/p>\n<p>Jak zapowiedzia\u0142em dzisiejsza nagroda jest do\u015b\u0107 wyj\u0105tkowa. Zw\u0142aszcza dla sympatyk\u00f3w tygodnika &#8222;Polityka&#8221;. Znalaz\u0142em bowiem w swojej bibliotece dodatkowy (a wi\u0119c nie czytany) egzemplarz ksi\u0105\u017cki Micha\u0142a Radgowskiego (przez d\u0142ugie lata felietonisty i zast\u0119pcy szefa) pt. &#8222;Polityka i jej ludzie&#8221;. Ta ksi\u0105\u017cka wydana przed wieloma laty opisuje pocz\u0105tki tygodnika i jego rozw\u00f3j. A jak to jest napisane, ho, ho!<br \/>\nNo to do roboty.<\/p>\n<p>1 &#8211; Z jakiego ciasta robione s\u0105 knedle?<\/p>\n<p>2 &#8211; Ciasto r\u0119cznie rozci\u0105gane a\u017c do przezroczysto\u015bci s\u0142u\u017cy do przyrz\u0105dzania&#8230;?<\/p>\n<p>3 &#8211; Babka robiona z surowego ciasta zawini\u0119tego w \u015bciereczk\u0119 i gotowanego a\u017c do wyp\u0142yni\u0119cia z wody nazywa si\u0119&#8230;?<\/p>\n<p>Kto wie ten wysy\u0142a list na adres <a href=\"mailto:internet@polityka.com.pl\">internet@polityka.com.pl<\/a>\u00a0 i ma szanse otrzyma\u0107 ksi\u0105\u017ck\u0119 Micha\u0142a Radgowskiego &#8222;Polityka i jej ludzie&#8221;. Czekam!<\/p>\n<p>\u00a0<\/p>\n","protected":false},"excerpt":{"rendered":"<p>Czy liczba sto dwadzie\u015bcia pi\u0119\u0107 to jubileusz? Ee tam, \u015bwi\u0119towa\u0107 b\u0119dziemy przy stupi\u0119\u0107dziesi\u0105tce! Teraz normalna \u015brodowa orka czyli rozwi\u0105zywanie zagadek. Jak zapowiedzia\u0142em dzisiejsza nagroda jest do\u015b\u0107 wyj\u0105tkowa. Zw\u0142aszcza dla sympatyk\u00f3w tygodnika &#8222;Polityka&#8221;. Znalaz\u0142em bowiem w swojej bibliotece dodatkowy (a wi\u0119c nie czytany) egzemplarz ksi\u0105\u017cki Micha\u0142a Radgowskiego (przez d\u0142ugie lata felietonisty i zast\u0119pcy szefa) pt. &#8222;Polityka [&hellip;]<\/p>\n","protected":false},"author":2,"featured_media":0,"comment_status":"open","ping_status":"open","sticky":false,"template":"","format":"standard","meta":{"footnotes":""},"categories":[1],"tags":[],"_links":{"self":[{"href":"https:\/\/blog.polityka.pl\/adamczewski\/wp-json\/wp\/v2\/posts\/822"}],"collection":[{"href":"https:\/\/blog.polityka.pl\/adamczewski\/wp-json\/wp\/v2\/posts"}],"about":[{"href":"https:\/\/blog.polityka.pl\/adamczewski\/wp-json\/wp\/v2\/types\/post"}],"author":[{"embeddable":true,"href":"https:\/\/blog.polityka.pl\/adamczewski\/wp-json\/wp\/v2\/users\/2"}],"replies":[{"embeddable":true,"href":"https:\/\/blog.polityka.pl\/adamczewski\/wp-json\/wp\/v2\/comments?post=822"}],"version-history":[{"count":0,"href":"https:\/\/blog.polityka.pl\/adamczewski\/wp-json\/wp\/v2\/posts\/822\/revisions"}],"wp:attachment":[{"href":"https:\/\/blog.polityka.pl\/adamczewski\/wp-json\/wp\/v2\/media?parent=822"}],"wp:term":[{"taxonomy":"category","embeddable":true,"href":"https:\/\/blog.polityka.pl\/adamczewski\/wp-json\/wp\/v2\/categories?post=822"},{"taxonomy":"post_tag","embeddable":true,"href":"https:\/\/blog.polityka.pl\/adamczewski\/wp-json\/wp\/v2\/tags?post=822"}],"curies":[{"name":"wp","href":"https:\/\/api.w.org\/{rel}","templated":true}]}}