
{"id":8229,"date":"2007-12-10T00:17:37","date_gmt":"2007-12-09T23:17:37","guid":{"rendered":"http:\/\/adamczewscy.nowy-swiat.pl\/?p=144"},"modified":"2007-12-10T00:17:37","modified_gmt":"2007-12-09T23:17:37","slug":"pieczone-jablka","status":"publish","type":"post","link":"https:\/\/blog.polityka.pl\/adamczewski\/2007\/12\/10\/pieczone-jablka\/","title":{"rendered":"Pieczone jab\u0142ka"},"content":{"rendered":"<p><em>4  jab\u0142ka, 4 \u0142y\u017ceczki cukru lub kwa\u015bnego d\u017cemu, \u0142y\u017ceczka mas\u0142a<\/em><\/p>\n<p>1. Jab\u0142ka umy\u0107, odkroi\u0107 ?czapeczki?, wydr\u0105\u017cy\u0107 gniazda nasienne.<br \/>\n2. W powsta\u0142e w ten spos\u00f3b otwory wsypa\u0107 cukier lub w\u0142o\u017cy\u0107 d\u017cem, zakry\u0107 ka\u017cde jab\u0142ko ?czapeczk\u0105?, wstawi\u0107 w wysmarowanym mas\u0142em naczyniu do piekarnika i piec, a\u017c na wierzchu jab\u0142ka si\u0119 zrumieni\u0105.<\/p>\n<p>Podawa\u0107 na gor\u0105co lub zimno.<\/p>\n","protected":false},"excerpt":{"rendered":"<p>4 jab\u0142ka, 4 \u0142y\u017ceczki cukru lub kwa\u015bnego d\u017cemu, \u0142y\u017ceczka mas\u0142a 1. Jab\u0142ka umy\u0107, odkroi\u0107 ?czapeczki?, wydr\u0105\u017cy\u0107 gniazda nasienne. 2. W powsta\u0142e w ten spos\u00f3b otwory wsypa\u0107 cukier lub w\u0142o\u017cy\u0107 d\u017cem, zakry\u0107 ka\u017cde jab\u0142ko ?czapeczk\u0105?, wstawi\u0107 w wysmarowanym mas\u0142em naczyniu do piekarnika i piec, a\u017c na wierzchu jab\u0142ka si\u0119 zrumieni\u0105. Podawa\u0107 na gor\u0105co lub zimno.<\/p>\n","protected":false},"author":2,"featured_media":0,"comment_status":"open","ping_status":"open","sticky":false,"template":"","format":"standard","meta":{"footnotes":""},"categories":[1],"tags":[],"_links":{"self":[{"href":"https:\/\/blog.polityka.pl\/adamczewski\/wp-json\/wp\/v2\/posts\/8229"}],"collection":[{"href":"https:\/\/blog.polityka.pl\/adamczewski\/wp-json\/wp\/v2\/posts"}],"about":[{"href":"https:\/\/blog.polityka.pl\/adamczewski\/wp-json\/wp\/v2\/types\/post"}],"author":[{"embeddable":true,"href":"https:\/\/blog.polityka.pl\/adamczewski\/wp-json\/wp\/v2\/users\/2"}],"replies":[{"embeddable":true,"href":"https:\/\/blog.polityka.pl\/adamczewski\/wp-json\/wp\/v2\/comments?post=8229"}],"version-history":[{"count":0,"href":"https:\/\/blog.polityka.pl\/adamczewski\/wp-json\/wp\/v2\/posts\/8229\/revisions"}],"wp:attachment":[{"href":"https:\/\/blog.polityka.pl\/adamczewski\/wp-json\/wp\/v2\/media?parent=8229"}],"wp:term":[{"taxonomy":"category","embeddable":true,"href":"https:\/\/blog.polityka.pl\/adamczewski\/wp-json\/wp\/v2\/categories?post=8229"},{"taxonomy":"post_tag","embeddable":true,"href":"https:\/\/blog.polityka.pl\/adamczewski\/wp-json\/wp\/v2\/tags?post=8229"}],"curies":[{"name":"wp","href":"https:\/\/api.w.org\/{rel}","templated":true}]}}