
{"id":8230,"date":"2007-12-11T06:57:07","date_gmt":"2007-12-11T05:57:07","guid":{"rendered":"http:\/\/adamczewscy.nowy-swiat.pl\/?p=145"},"modified":"2007-12-11T06:57:07","modified_gmt":"2007-12-11T05:57:07","slug":"zupa-ryzowa-z-szynka","status":"publish","type":"post","link":"https:\/\/blog.polityka.pl\/adamczewski\/2007\/12\/11\/zupa-ryzowa-z-szynka\/","title":{"rendered":"Zupa ry\u017cowa z szynk\u0105"},"content":{"rendered":"<p><em>(1 porcja)<br \/>\n1 ? szklanki roso\u0142u drobiowego z kostki, \u0142y\u017cka ry\u017cu, plasterek szynki, 2 kromki bu\u0142ki, \u0142y\u017ceczka mas\u0142a, s\u00f3l, pieprz <\/em><\/p>\n<p>1. Pokr\u00f3j bu\u0142k\u0119 na drobne grzanki, podsma\u017c na suchej patelni, na koniec dodaj mas\u0142o i wymieszaj.<\/p>\n<p>2. Wsyp ry\u017c do roso\u0142u i gotuj 15 minut.<\/p>\n<p>3. Do zupy dodaj pokrojon\u0105 drobno szynk\u0119.<\/p>\n<p>4. Zmiksuj zup\u0119, dopraw sol\u0105 i pieprzem i jeszcze raz silnie zagrzej. Grzanki podaj osobno.<\/p>\n","protected":false},"excerpt":{"rendered":"<p>(1 porcja) 1 ? szklanki roso\u0142u drobiowego z kostki, \u0142y\u017cka ry\u017cu, plasterek szynki, 2 kromki bu\u0142ki, \u0142y\u017ceczka mas\u0142a, s\u00f3l, pieprz 1. Pokr\u00f3j bu\u0142k\u0119 na drobne grzanki, podsma\u017c na suchej patelni, na koniec dodaj mas\u0142o i wymieszaj. 2. Wsyp ry\u017c do roso\u0142u i gotuj 15 minut. 3. Do zupy dodaj pokrojon\u0105 drobno szynk\u0119. 4. Zmiksuj zup\u0119, [&hellip;]<\/p>\n","protected":false},"author":2,"featured_media":0,"comment_status":"open","ping_status":"open","sticky":false,"template":"","format":"standard","meta":{"footnotes":""},"categories":[1],"tags":[],"_links":{"self":[{"href":"https:\/\/blog.polityka.pl\/adamczewski\/wp-json\/wp\/v2\/posts\/8230"}],"collection":[{"href":"https:\/\/blog.polityka.pl\/adamczewski\/wp-json\/wp\/v2\/posts"}],"about":[{"href":"https:\/\/blog.polityka.pl\/adamczewski\/wp-json\/wp\/v2\/types\/post"}],"author":[{"embeddable":true,"href":"https:\/\/blog.polityka.pl\/adamczewski\/wp-json\/wp\/v2\/users\/2"}],"replies":[{"embeddable":true,"href":"https:\/\/blog.polityka.pl\/adamczewski\/wp-json\/wp\/v2\/comments?post=8230"}],"version-history":[{"count":0,"href":"https:\/\/blog.polityka.pl\/adamczewski\/wp-json\/wp\/v2\/posts\/8230\/revisions"}],"wp:attachment":[{"href":"https:\/\/blog.polityka.pl\/adamczewski\/wp-json\/wp\/v2\/media?parent=8230"}],"wp:term":[{"taxonomy":"category","embeddable":true,"href":"https:\/\/blog.polityka.pl\/adamczewski\/wp-json\/wp\/v2\/categories?post=8230"},{"taxonomy":"post_tag","embeddable":true,"href":"https:\/\/blog.polityka.pl\/adamczewski\/wp-json\/wp\/v2\/tags?post=8230"}],"curies":[{"name":"wp","href":"https:\/\/api.w.org\/{rel}","templated":true}]}}