
{"id":8232,"date":"2007-12-11T07:00:11","date_gmt":"2007-12-11T06:00:11","guid":{"rendered":"http:\/\/adamczewscy.nowy-swiat.pl\/?p=147"},"modified":"2007-12-11T07:00:11","modified_gmt":"2007-12-11T06:00:11","slug":"krem-francuski","status":"publish","type":"post","link":"https:\/\/blog.polityka.pl\/adamczewski\/2007\/12\/11\/krem-francuski\/","title":{"rendered":"Krem francuski"},"content":{"rendered":"<p><em>2 szklanki mleka, 1 szklanka cukru, 3\/4 szklanki m\u0105ki, 4 jajka, cukier wanilinowy<\/em><\/p>\n<p>Mleko zagotowa\u0107. W sporym ganuszku ukr\u0119ci\u0107 kogel-mogel z \u017c\u00f3\u0142tek z cukrem. Doda\u0107 do masy \u017c\u00f3\u0142tkowej m\u0105k\u0119, dobrze wymiesza\u0107. Gor\u0105ce mleko wlewa\u0107 powoli do masy, energicznie mieszaj\u0105c, wreszcie wla\u0107 rozprowadzon\u0105 mas\u0119 do pozosta\u0142ego mleka, doprowadzi\u0107 do wrzenia i chwil\u0119 gotowa\u0107, aby krem zg\u0119stnia\u0142, doda\u0107 cukier wanilinowy. Ubi\u0107 bardzo sztywn\u0105 pian\u0119, domiesza\u0107 ostro\u017cnie do ostudzonego kremu. Ca\u0142o\u015b\u0107 ozi\u0119bi\u0107 w lod\u00f3wce. Podawa\u0107 z sokiem owocowym lub przybrany konfitur\u0105.<\/p>\n","protected":false},"excerpt":{"rendered":"<p>2 szklanki mleka, 1 szklanka cukru, 3\/4 szklanki m\u0105ki, 4 jajka, cukier wanilinowy Mleko zagotowa\u0107. W sporym ganuszku ukr\u0119ci\u0107 kogel-mogel z \u017c\u00f3\u0142tek z cukrem. Doda\u0107 do masy \u017c\u00f3\u0142tkowej m\u0105k\u0119, dobrze wymiesza\u0107. Gor\u0105ce mleko wlewa\u0107 powoli do masy, energicznie mieszaj\u0105c, wreszcie wla\u0107 rozprowadzon\u0105 mas\u0119 do pozosta\u0142ego mleka, doprowadzi\u0107 do wrzenia i chwil\u0119 gotowa\u0107, aby krem zg\u0119stnia\u0142, [&hellip;]<\/p>\n","protected":false},"author":2,"featured_media":0,"comment_status":"open","ping_status":"open","sticky":false,"template":"","format":"standard","meta":{"footnotes":""},"categories":[1],"tags":[],"_links":{"self":[{"href":"https:\/\/blog.polityka.pl\/adamczewski\/wp-json\/wp\/v2\/posts\/8232"}],"collection":[{"href":"https:\/\/blog.polityka.pl\/adamczewski\/wp-json\/wp\/v2\/posts"}],"about":[{"href":"https:\/\/blog.polityka.pl\/adamczewski\/wp-json\/wp\/v2\/types\/post"}],"author":[{"embeddable":true,"href":"https:\/\/blog.polityka.pl\/adamczewski\/wp-json\/wp\/v2\/users\/2"}],"replies":[{"embeddable":true,"href":"https:\/\/blog.polityka.pl\/adamczewski\/wp-json\/wp\/v2\/comments?post=8232"}],"version-history":[{"count":0,"href":"https:\/\/blog.polityka.pl\/adamczewski\/wp-json\/wp\/v2\/posts\/8232\/revisions"}],"wp:attachment":[{"href":"https:\/\/blog.polityka.pl\/adamczewski\/wp-json\/wp\/v2\/media?parent=8232"}],"wp:term":[{"taxonomy":"category","embeddable":true,"href":"https:\/\/blog.polityka.pl\/adamczewski\/wp-json\/wp\/v2\/categories?post=8232"},{"taxonomy":"post_tag","embeddable":true,"href":"https:\/\/blog.polityka.pl\/adamczewski\/wp-json\/wp\/v2\/tags?post=8232"}],"curies":[{"name":"wp","href":"https:\/\/api.w.org\/{rel}","templated":true}]}}