
{"id":8233,"date":"2007-12-12T06:18:29","date_gmt":"2007-12-12T05:18:29","guid":{"rendered":"http:\/\/adamczewscy.nowy-swiat.pl\/?p=148"},"modified":"2007-12-12T06:18:29","modified_gmt":"2007-12-12T05:18:29","slug":"zupa-fasolowa-z-torebki-doprawiona","status":"publish","type":"post","link":"https:\/\/blog.polityka.pl\/adamczewski\/2007\/12\/12\/zupa-fasolowa-z-torebki-doprawiona\/","title":{"rendered":"Zupa fasolowa z torebki (doprawiona)"},"content":{"rendered":"<p><em>torebka zupy fasolowej w proszku (przeznaczonej dla 4 os\u00f3b), ma\u0142y por, ma\u0142a pietruszka, \u0142y\u017cka mas\u0142a, gar\u015b\u0107 posiekanej natki pietruszki<\/em><\/p>\n<p>1. Przyrz\u0105dzi\u0107 zup\u0119 wed\u0142ug przepisu podanego na torebce.<\/p>\n<p>2. Na ma\u015ble poddusi\u0107 pokrajany jak najcieniej por i utart\u0105 na tarce pietruszk\u0119.<\/p>\n<p>3. Doda\u0107 do zupy duszone warzywa, posypa\u0107 natk\u0105 pietruszki.<\/p>\n<p>Pomys\u0142 doprawiania w ten spos\u00f3b zupy fasolowej zaczerpni\u0119ty jest z doskona\u0142ej ksi\u0105\u017cki Wincentyny Zawadzkiej <em>Kucharka litewska<\/em>. Tam jednak wymaga si\u0119 gotowania zupy w zwyk\u0142y spos\u00f3b i jako ostatni szlif traktuje si\u0119 dodanie podduszonych por\u00f3w i pietruszki. Ten niek\u0142opotliwy dodatek nadaje zupie doskona\u0142y smak.<\/p>\n","protected":false},"excerpt":{"rendered":"<p>torebka zupy fasolowej w proszku (przeznaczonej dla 4 os\u00f3b), ma\u0142y por, ma\u0142a pietruszka, \u0142y\u017cka mas\u0142a, gar\u015b\u0107 posiekanej natki pietruszki 1. Przyrz\u0105dzi\u0107 zup\u0119 wed\u0142ug przepisu podanego na torebce. 2. Na ma\u015ble poddusi\u0107 pokrajany jak najcieniej por i utart\u0105 na tarce pietruszk\u0119. 3. Doda\u0107 do zupy duszone warzywa, posypa\u0107 natk\u0105 pietruszki. Pomys\u0142 doprawiania w ten spos\u00f3b zupy [&hellip;]<\/p>\n","protected":false},"author":2,"featured_media":0,"comment_status":"open","ping_status":"open","sticky":false,"template":"","format":"standard","meta":{"footnotes":""},"categories":[1],"tags":[],"_links":{"self":[{"href":"https:\/\/blog.polityka.pl\/adamczewski\/wp-json\/wp\/v2\/posts\/8233"}],"collection":[{"href":"https:\/\/blog.polityka.pl\/adamczewski\/wp-json\/wp\/v2\/posts"}],"about":[{"href":"https:\/\/blog.polityka.pl\/adamczewski\/wp-json\/wp\/v2\/types\/post"}],"author":[{"embeddable":true,"href":"https:\/\/blog.polityka.pl\/adamczewski\/wp-json\/wp\/v2\/users\/2"}],"replies":[{"embeddable":true,"href":"https:\/\/blog.polityka.pl\/adamczewski\/wp-json\/wp\/v2\/comments?post=8233"}],"version-history":[{"count":0,"href":"https:\/\/blog.polityka.pl\/adamczewski\/wp-json\/wp\/v2\/posts\/8233\/revisions"}],"wp:attachment":[{"href":"https:\/\/blog.polityka.pl\/adamczewski\/wp-json\/wp\/v2\/media?parent=8233"}],"wp:term":[{"taxonomy":"category","embeddable":true,"href":"https:\/\/blog.polityka.pl\/adamczewski\/wp-json\/wp\/v2\/categories?post=8233"},{"taxonomy":"post_tag","embeddable":true,"href":"https:\/\/blog.polityka.pl\/adamczewski\/wp-json\/wp\/v2\/tags?post=8233"}],"curies":[{"name":"wp","href":"https:\/\/api.w.org\/{rel}","templated":true}]}}