
{"id":826,"date":"2009-03-25T08:00:16","date_gmt":"2009-03-25T07:00:16","guid":{"rendered":"http:\/\/adamczewski.blog.polityka.pl\/?p=826"},"modified":"2009-03-25T08:09:08","modified_gmt":"2009-03-25T07:09:08","slug":"zgadnij-co-gotujemy126","status":"publish","type":"post","link":"https:\/\/blog.polityka.pl\/adamczewski\/2009\/03\/25\/zgadnij-co-gotujemy126\/","title":{"rendered":"Zgadnij co gotujemy?(126)"},"content":{"rendered":"<p>Wczorajszy temat porcelanowy zach\u0119ci\u0142 mnie do quizu zwi\u0105zanego ze szlachetn\u0105 zastawa sto\u0142ow\u0105. Dzi\u015b za\u015b nagrod\u0105 b\u0119dzie prezentowana ju\u017c tu ksi\u0105\u017cka moich redakcyjnych przyjaci\u00f3\u0142 czyli Joanny i Artura Podg\u00f3rskich &#8222;Wakacje z duchami&#8221;. Wprawdzie o rozkoszach biesiadowania w niej nie pisz\u0105, ale wok\u00f3\u0142 zamk\u00f3w lub ich pozosta\u0142o\u015bci zawsze mo\u017cna znale\u017a\u0107 jaki niez\u0142y st\u00f3\u0142. Zach\u0119cam wi\u0119c do zabawy.<\/p>\n<p>1 &#8211; Kto i kiedy (w przybli\u017ceniu) wynalaz\u0142 porcelan\u0119?<\/p>\n<p>2 &#8211; Pierwsza polska fabryka porcelany powsta\u0142a w &#8230; w roku&#8230;?<\/p>\n<p>3 &#8211; \u0106miel\u00f3w istniej\u0105cy do dzi\u015b by\u0142 u swych pocz\u0105tk\u00f3w w\u0142asno\u015bci\u0105 znanych polskich arystokratycznych rod\u00f3w, wymie\u0144cie jedno lub dwa nazwiska?<\/p>\n<p>Kto pierwszy ten lepszy. Adres jak zawsze ten sam: <a href=\"mailto:internet@polityka.com.pl\">internet@polityka.com.pl<\/a><br \/>\nCzekam na odpowiedzi a ksi\u0105\u017cka opatrzona b\u0119dzie autografami autor\u00f3w i stosown\u0105 moja dedykacj\u0105.<\/p>\n","protected":false},"excerpt":{"rendered":"<p>Wczorajszy temat porcelanowy zach\u0119ci\u0142 mnie do quizu zwi\u0105zanego ze szlachetn\u0105 zastawa sto\u0142ow\u0105. Dzi\u015b za\u015b nagrod\u0105 b\u0119dzie prezentowana ju\u017c tu ksi\u0105\u017cka moich redakcyjnych przyjaci\u00f3\u0142 czyli Joanny i Artura Podg\u00f3rskich &#8222;Wakacje z duchami&#8221;. Wprawdzie o rozkoszach biesiadowania w niej nie pisz\u0105, ale wok\u00f3\u0142 zamk\u00f3w lub ich pozosta\u0142o\u015bci zawsze mo\u017cna znale\u017a\u0107 jaki niez\u0142y st\u00f3\u0142. Zach\u0119cam wi\u0119c do zabawy. [&hellip;]<\/p>\n","protected":false},"author":2,"featured_media":0,"comment_status":"open","ping_status":"open","sticky":false,"template":"","format":"standard","meta":{"footnotes":""},"categories":[1],"tags":[],"_links":{"self":[{"href":"https:\/\/blog.polityka.pl\/adamczewski\/wp-json\/wp\/v2\/posts\/826"}],"collection":[{"href":"https:\/\/blog.polityka.pl\/adamczewski\/wp-json\/wp\/v2\/posts"}],"about":[{"href":"https:\/\/blog.polityka.pl\/adamczewski\/wp-json\/wp\/v2\/types\/post"}],"author":[{"embeddable":true,"href":"https:\/\/blog.polityka.pl\/adamczewski\/wp-json\/wp\/v2\/users\/2"}],"replies":[{"embeddable":true,"href":"https:\/\/blog.polityka.pl\/adamczewski\/wp-json\/wp\/v2\/comments?post=826"}],"version-history":[{"count":0,"href":"https:\/\/blog.polityka.pl\/adamczewski\/wp-json\/wp\/v2\/posts\/826\/revisions"}],"wp:attachment":[{"href":"https:\/\/blog.polityka.pl\/adamczewski\/wp-json\/wp\/v2\/media?parent=826"}],"wp:term":[{"taxonomy":"category","embeddable":true,"href":"https:\/\/blog.polityka.pl\/adamczewski\/wp-json\/wp\/v2\/categories?post=826"},{"taxonomy":"post_tag","embeddable":true,"href":"https:\/\/blog.polityka.pl\/adamczewski\/wp-json\/wp\/v2\/tags?post=826"}],"curies":[{"name":"wp","href":"https:\/\/api.w.org\/{rel}","templated":true}]}}