
{"id":830,"date":"2009-03-27T08:00:34","date_gmt":"2009-03-27T07:00:34","guid":{"rendered":"http:\/\/adamczewski.blog.polityka.pl\/?p=830"},"modified":"2009-03-27T15:07:01","modified_gmt":"2009-03-27T14:07:01","slug":"nie-lubie-sake-wiec-niechybnie-jestem-malpa","status":"publish","type":"post","link":"https:\/\/blog.polityka.pl\/adamczewski\/2009\/03\/27\/nie-lubie-sake-wiec-niechybnie-jestem-malpa\/","title":{"rendered":"Nie lubi\u0119 sake wi\u0119c niechybnie jestem ma\u0142p\u0105"},"content":{"rendered":"<p>Nie przypominam sobie by\u015bmy kiedykolwiek rozmawiali tu o sake. A chyba warto. W ka\u017cdym razie tak s\u0105dz\u0119, po lekturze rozdzia\u0142u po\u015bwi\u0119conemu tej w\u00f3dce w ksi\u0105\u017cce &#8222;Japo\u0144ska kultura kulinarna&#8221; pi\u00f3ra Iwony Kordzi\u0144skiej-Nawrockiej. Autorka jest doktorem japonistyki i d\u0142ugi czas sp\u0119dza w kraju, kt\u00f3ry bada oraz opisuje. Zna si\u0119 wi\u0119c na rzeczy jak ma\u0142o kto. Ale nawet ona nie by\u0142a w stanie mnie przekona\u0107 do sake. Pi\u0142em j\u0105 przed laty w japo\u0144skiej restauracji &#8222;Shogun&#8221; w New Jersey, potem w warszawskiej &#8222;Tokio&#8221; i za ka\u017cdym razem odpada\u0142em po pierwszym kieliszku. Pi\u0142em ja na ciep\u0142o, i na zimno. Jeden skutek. Niech\u0119\u0107 do kontynuowania. Zacz\u0105\u0142em wi\u0119c sake dodawa\u0107 do potraw, kt\u00f3re w przepisie maj\u0105 nakaz u\u017cywania wina mirin. I tu ju\u017c by\u0142o lepiej.<\/p>\n<p>Z ksi\u0105\u017cki dr Iwony Kordzi\u0144skiej-Nawrockiej przytocz\u0119 wiersz napisany przez g\u0142o\u015bnego poet\u0119 Otomo Tabito, \u017cyj\u0105cego w latach 661\u00a0&#8211; 731. By\u0142o to w okresie zwanym Nara, gdy sake by\u0142a uznawana za nap\u00f3j boski. Oto wiersz:<\/p>\n<p>By si\u0119 nie snu\u0142y<br \/>\nPo g\u0142owie my\u015bli b\u0142ahe,<\/p>\n<p>Najlepiej chyba<br \/>\nb\u0119dzie wychyli\u0107 kielich<\/p>\n<p>czystej ry\u017cowej sake.<br \/>\nII<br \/>\nZamiast na trze\u017awo<br \/>\nple\u015b\u0107 niestworzone rzeczy,<br \/>\npo stokro\u0107 lepiej<br \/>\npopi\u0107 ry\u017cowej sake<br \/>\ni pijanemu p\u0142aka\u0107&#8230;<br \/>\nIII<br \/>\nWola\u0142bym raczej,<br \/>\nBy tylko nie by\u0107 cz\u0142ekiem,<br \/>\nW dzban si\u0119 zamieni\u0107<br \/>\nNa wino przeznaczony<br \/>\nI da\u0107 si\u0119 zala\u0107 winem.<br \/>\nIV<br \/>\nO, jak to przykre,<\/p>\n<p>Przypatrz si\u0119 dobrze temu,<br \/>\nCo stroj\u0105c m\u0119drca<\/p>\n<p>Wzbrania si\u0119 wypi\u0107 sake:<br \/>\nPewno podobny ma\u0142pie!<br \/>\nV<br \/>\nCho\u0107by co\u015b by\u0142o<\/p>\n<p>per\u0142\u0105 \u015bwiec\u0105c\u0105 w nocy,<br \/>\nczyli\u017c si\u0119 r\u00f3wna<\/p>\n<p>pociesze z picia wina,<br \/>\np\u0142yn\u0105cej sercu memu?<br \/>\nVI<br \/>\nZ dr\u00f3g do pociechy<br \/>\nZe znanych najpewniejsz\u0105<br \/>\nNa naszym \u015bwiecie<br \/>\nJest niew\u0105tpliwie dla nas<br \/>\nPo pijanemu p\u0142aka\u0107&#8230;<\/p>\n<p><strong>\u00d3tomoTabito<\/strong><\/p>\n<p>W tym wierszu znalaz\u0142em dla siebie wyj\u015bcie z tej przykrej sytuacji. Nie lubi\u0119 sake, jestem wi\u0119c zapewne ma\u0142p\u0105. A je\u015bli ja po prostu tak\u017ce wol\u0119 w dzban si\u0119 zamieni\u0107 na wino przeznaczony?!<\/p>\n<p>\u00a0<\/p>\n","protected":false},"excerpt":{"rendered":"<p>Nie przypominam sobie by\u015bmy kiedykolwiek rozmawiali tu o sake. A chyba warto. W ka\u017cdym razie tak s\u0105dz\u0119, po lekturze rozdzia\u0142u po\u015bwi\u0119conemu tej w\u00f3dce w ksi\u0105\u017cce &#8222;Japo\u0144ska kultura kulinarna&#8221; pi\u00f3ra Iwony Kordzi\u0144skiej-Nawrockiej. Autorka jest doktorem japonistyki i d\u0142ugi czas sp\u0119dza w kraju, kt\u00f3ry bada oraz opisuje. Zna si\u0119 wi\u0119c na rzeczy jak ma\u0142o kto. Ale nawet [&hellip;]<\/p>\n","protected":false},"author":2,"featured_media":0,"comment_status":"open","ping_status":"open","sticky":false,"template":"","format":"standard","meta":{"footnotes":""},"categories":[1],"tags":[],"_links":{"self":[{"href":"https:\/\/blog.polityka.pl\/adamczewski\/wp-json\/wp\/v2\/posts\/830"}],"collection":[{"href":"https:\/\/blog.polityka.pl\/adamczewski\/wp-json\/wp\/v2\/posts"}],"about":[{"href":"https:\/\/blog.polityka.pl\/adamczewski\/wp-json\/wp\/v2\/types\/post"}],"author":[{"embeddable":true,"href":"https:\/\/blog.polityka.pl\/adamczewski\/wp-json\/wp\/v2\/users\/2"}],"replies":[{"embeddable":true,"href":"https:\/\/blog.polityka.pl\/adamczewski\/wp-json\/wp\/v2\/comments?post=830"}],"version-history":[{"count":0,"href":"https:\/\/blog.polityka.pl\/adamczewski\/wp-json\/wp\/v2\/posts\/830\/revisions"}],"wp:attachment":[{"href":"https:\/\/blog.polityka.pl\/adamczewski\/wp-json\/wp\/v2\/media?parent=830"}],"wp:term":[{"taxonomy":"category","embeddable":true,"href":"https:\/\/blog.polityka.pl\/adamczewski\/wp-json\/wp\/v2\/categories?post=830"},{"taxonomy":"post_tag","embeddable":true,"href":"https:\/\/blog.polityka.pl\/adamczewski\/wp-json\/wp\/v2\/tags?post=830"}],"curies":[{"name":"wp","href":"https:\/\/api.w.org\/{rel}","templated":true}]}}