
{"id":8326,"date":"2007-12-22T19:53:33","date_gmt":"2007-12-22T18:53:33","guid":{"rendered":"http:\/\/adamczewscy.pl\/?p=243"},"modified":"2007-12-22T19:53:33","modified_gmt":"2007-12-22T18:53:33","slug":"poledwiczki-z-sosem-ziolowym","status":"publish","type":"post","link":"https:\/\/blog.polityka.pl\/adamczewski\/2007\/12\/22\/poledwiczki-z-sosem-ziolowym\/","title":{"rendered":"Pol\u0119dwiczki z sosem zio\u0142owym"},"content":{"rendered":"<p><em>2 pol\u0119dwiczki wieprzowe, 2 \u0142y\u017cki oleju, 2 \u0142y\u017cki posiekanych dowolnych zi\u00f3\u0142, 3\/4 szklanki roso\u0142u z kostki, 20 dag zio\u0142owego twaro\u017cku (gotowego), 2 z\u0105bki czosnku, po szczypcie startej ga\u0142ki muszkato\u0142owej, soli i pieprzu, pietruszka, kolendra, tymianek sza\u0142wia, oregano, majeranek, szczypiorek, do smaku sok z cytryny.<\/em><\/p>\n<p>1. Pol\u0119dwiczki posypa\u0107 pieprzem i sol\u0105, obsma\u017cy\u0107 na rozgrzanym oleju, po czym zmniejszy\u0107 ogie\u0144 i dosma\u017ca\u0107 pod przykrywk\u0105 15 minut. Zdj\u0105\u0107 mi\u0119so z patelni i przechowywa\u0107 w cieple.<br \/>\n2. Wla\u0107 na patelni\u0119 ros\u00f3\u0142, doda\u0107 serek zio\u0142owy oraz przeci\u015bni\u0119ty przez prask\u0119 czosnek. Doprawi\u0107 sokiem cytrynowym i zio\u0142ami.<br \/>\n3. Pokroi\u0107 pol\u0119dwiczki na plastry, w\u0142o\u017cy\u0107 do sosu i wszystko razem zagrza\u0107.<\/p>\n","protected":false},"excerpt":{"rendered":"<p>2 pol\u0119dwiczki wieprzowe, 2 \u0142y\u017cki oleju, 2 \u0142y\u017cki posiekanych dowolnych zi\u00f3\u0142, 3\/4 szklanki roso\u0142u z kostki, 20 dag zio\u0142owego twaro\u017cku (gotowego), 2 z\u0105bki czosnku, po szczypcie startej ga\u0142ki muszkato\u0142owej, soli i pieprzu, pietruszka, kolendra, tymianek sza\u0142wia, oregano, majeranek, szczypiorek, do smaku sok z cytryny. 1. Pol\u0119dwiczki posypa\u0107 pieprzem i sol\u0105, obsma\u017cy\u0107 na rozgrzanym oleju, po [&hellip;]<\/p>\n","protected":false},"author":2,"featured_media":0,"comment_status":"open","ping_status":"open","sticky":false,"template":"","format":"standard","meta":{"footnotes":""},"categories":[1],"tags":[35],"_links":{"self":[{"href":"https:\/\/blog.polityka.pl\/adamczewski\/wp-json\/wp\/v2\/posts\/8326"}],"collection":[{"href":"https:\/\/blog.polityka.pl\/adamczewski\/wp-json\/wp\/v2\/posts"}],"about":[{"href":"https:\/\/blog.polityka.pl\/adamczewski\/wp-json\/wp\/v2\/types\/post"}],"author":[{"embeddable":true,"href":"https:\/\/blog.polityka.pl\/adamczewski\/wp-json\/wp\/v2\/users\/2"}],"replies":[{"embeddable":true,"href":"https:\/\/blog.polityka.pl\/adamczewski\/wp-json\/wp\/v2\/comments?post=8326"}],"version-history":[{"count":0,"href":"https:\/\/blog.polityka.pl\/adamczewski\/wp-json\/wp\/v2\/posts\/8326\/revisions"}],"wp:attachment":[{"href":"https:\/\/blog.polityka.pl\/adamczewski\/wp-json\/wp\/v2\/media?parent=8326"}],"wp:term":[{"taxonomy":"category","embeddable":true,"href":"https:\/\/blog.polityka.pl\/adamczewski\/wp-json\/wp\/v2\/categories?post=8326"},{"taxonomy":"post_tag","embeddable":true,"href":"https:\/\/blog.polityka.pl\/adamczewski\/wp-json\/wp\/v2\/tags?post=8326"}],"curies":[{"name":"wp","href":"https:\/\/api.w.org\/{rel}","templated":true}]}}