
{"id":8328,"date":"2007-12-26T09:50:27","date_gmt":"2007-12-26T08:50:27","guid":{"rendered":"http:\/\/adamczewscy.pl\/?p=245"},"modified":"2007-12-26T09:50:27","modified_gmt":"2007-12-26T08:50:27","slug":"zupa-pomidorowa-z-szynka","status":"publish","type":"post","link":"https:\/\/blog.polityka.pl\/adamczewski\/2007\/12\/26\/zupa-pomidorowa-z-szynka\/","title":{"rendered":"Zupa pomidorowa z szynk\u0105"},"content":{"rendered":"<p><em>Szklanka pokrojonej w paski szynki, 2 cebule, 4 dojrza\u0142e pomidory, szczypta papryki, 4 szklanki roso\u0142u (mo\u017ce by\u0107 drobiowy z kostki), 2 \u0142y\u017cki mas\u0142a, dla doros\u0142ych kieliszek bia\u0142ego wina.<\/em><br \/>\n1. Posieka\u0107 drobno cebul\u0119 i poddusi\u0107 j\u0105 na ma\u015ble.<br \/>\n2. Pomidory obra\u0107 ze sk\u00f3rki i doda\u0107 do cebuli. Razem dusi\u0107 kilka minut.<br \/>\n3. Do cebuli i pomidor\u00f3w doda\u0107 pokrojona szynk\u0119 i jeszcze chwil\u0119 dusi\u0107, doda\u0107 po\u0142ow\u0119 roso\u0142u i dok\u0142adnie zup\u0119 zmiksowa\u0107, doda\u0107 reszt\u0119 roso\u0142u, papryk\u0119 i ew. wino, silnie zagrza\u0107.<\/p>\n<p>Zupa ta doskonale smakuje z dodatkiem kruchych ciasteczek posypanych serem, grzanek z mas\u0142em lub groszku ptysiowego.<\/p>\n","protected":false},"excerpt":{"rendered":"<p>Szklanka pokrojonej w paski szynki, 2 cebule, 4 dojrza\u0142e pomidory, szczypta papryki, 4 szklanki roso\u0142u (mo\u017ce by\u0107 drobiowy z kostki), 2 \u0142y\u017cki mas\u0142a, dla doros\u0142ych kieliszek bia\u0142ego wina. 1. Posieka\u0107 drobno cebul\u0119 i poddusi\u0107 j\u0105 na ma\u015ble. 2. Pomidory obra\u0107 ze sk\u00f3rki i doda\u0107 do cebuli. Razem dusi\u0107 kilka minut. 3. Do cebuli i pomidor\u00f3w [&hellip;]<\/p>\n","protected":false},"author":2,"featured_media":0,"comment_status":"open","ping_status":"open","sticky":false,"template":"","format":"standard","meta":{"footnotes":""},"categories":[1],"tags":[],"_links":{"self":[{"href":"https:\/\/blog.polityka.pl\/adamczewski\/wp-json\/wp\/v2\/posts\/8328"}],"collection":[{"href":"https:\/\/blog.polityka.pl\/adamczewski\/wp-json\/wp\/v2\/posts"}],"about":[{"href":"https:\/\/blog.polityka.pl\/adamczewski\/wp-json\/wp\/v2\/types\/post"}],"author":[{"embeddable":true,"href":"https:\/\/blog.polityka.pl\/adamczewski\/wp-json\/wp\/v2\/users\/2"}],"replies":[{"embeddable":true,"href":"https:\/\/blog.polityka.pl\/adamczewski\/wp-json\/wp\/v2\/comments?post=8328"}],"version-history":[{"count":0,"href":"https:\/\/blog.polityka.pl\/adamczewski\/wp-json\/wp\/v2\/posts\/8328\/revisions"}],"wp:attachment":[{"href":"https:\/\/blog.polityka.pl\/adamczewski\/wp-json\/wp\/v2\/media?parent=8328"}],"wp:term":[{"taxonomy":"category","embeddable":true,"href":"https:\/\/blog.polityka.pl\/adamczewski\/wp-json\/wp\/v2\/categories?post=8328"},{"taxonomy":"post_tag","embeddable":true,"href":"https:\/\/blog.polityka.pl\/adamczewski\/wp-json\/wp\/v2\/tags?post=8328"}],"curies":[{"name":"wp","href":"https:\/\/api.w.org\/{rel}","templated":true}]}}