
{"id":8331,"date":"2007-12-26T09:52:53","date_gmt":"2007-12-26T08:52:53","guid":{"rendered":"http:\/\/adamczewscy.pl\/?p=248"},"modified":"2007-12-26T09:52:53","modified_gmt":"2007-12-26T08:52:53","slug":"filety-z-sandacza-w-sosie-ziolowym","status":"publish","type":"post","link":"https:\/\/blog.polityka.pl\/adamczewski\/2007\/12\/26\/filety-z-sandacza-w-sosie-ziolowym\/","title":{"rendered":"Filety z sandacza w sosie zio\u0142owym"},"content":{"rendered":"<p><em>4 filety z sandacza (po oko\u0142o 15-20 dag), \u0142y\u017cka mas\u0142a, p\u00f3\u0142 szklanki roso\u0142u warzywnego z kostki, p\u00f3\u0142 szklanki bia\u0142ego wina, szklanka \u015bmietany 18%, po sporej szczypcie estragony i bazylii, \u0142y\u017cka \u015bwie\u017cej siekanej zielonej pietruszki, p\u00f3\u0142 \u0142y\u017cki siekanego koperku, s\u00f3l, pieprz.<\/em><br \/>\n1. Filety umy\u0107, osuszy\u0107, u\u0142o\u017cy\u0107 w wysmarowanej mas\u0142em \u017caroodpornej foremce, posypa\u0107 sol\u0105 i pieprzem.<br \/>\n2. Filety zala\u0107 przygotowanym roso\u0142em i winem.<br \/>\n3. Zapieka\u0107 w nagrzanym piekarniku (180 st C) oko\u0142o 10 minut.<br \/>\n4. \u015amietan\u0119 rozmiesza\u0107 w rondelku z wywarem spod ryby, doda\u0107 zio\u0142a i siekan\u0105 pietruszk\u0119 oraz koperek.  Gotowa\u0107 sos a\u017c nieco zg\u0119stnieje, doprawi\u0107 w miar\u0119 potrzeby sol\u0105 i pieprzem.<br \/>\nGotowym sosem pola\u0107 ryb\u0119 i podawa\u0107 z ziemniakami z wody.<\/p>\n","protected":false},"excerpt":{"rendered":"<p>4 filety z sandacza (po oko\u0142o 15-20 dag), \u0142y\u017cka mas\u0142a, p\u00f3\u0142 szklanki roso\u0142u warzywnego z kostki, p\u00f3\u0142 szklanki bia\u0142ego wina, szklanka \u015bmietany 18%, po sporej szczypcie estragony i bazylii, \u0142y\u017cka \u015bwie\u017cej siekanej zielonej pietruszki, p\u00f3\u0142 \u0142y\u017cki siekanego koperku, s\u00f3l, pieprz. 1. Filety umy\u0107, osuszy\u0107, u\u0142o\u017cy\u0107 w wysmarowanej mas\u0142em \u017caroodpornej foremce, posypa\u0107 sol\u0105 i pieprzem. 2. [&hellip;]<\/p>\n","protected":false},"author":2,"featured_media":0,"comment_status":"open","ping_status":"open","sticky":false,"template":"","format":"standard","meta":{"footnotes":""},"categories":[1],"tags":[],"_links":{"self":[{"href":"https:\/\/blog.polityka.pl\/adamczewski\/wp-json\/wp\/v2\/posts\/8331"}],"collection":[{"href":"https:\/\/blog.polityka.pl\/adamczewski\/wp-json\/wp\/v2\/posts"}],"about":[{"href":"https:\/\/blog.polityka.pl\/adamczewski\/wp-json\/wp\/v2\/types\/post"}],"author":[{"embeddable":true,"href":"https:\/\/blog.polityka.pl\/adamczewski\/wp-json\/wp\/v2\/users\/2"}],"replies":[{"embeddable":true,"href":"https:\/\/blog.polityka.pl\/adamczewski\/wp-json\/wp\/v2\/comments?post=8331"}],"version-history":[{"count":0,"href":"https:\/\/blog.polityka.pl\/adamczewski\/wp-json\/wp\/v2\/posts\/8331\/revisions"}],"wp:attachment":[{"href":"https:\/\/blog.polityka.pl\/adamczewski\/wp-json\/wp\/v2\/media?parent=8331"}],"wp:term":[{"taxonomy":"category","embeddable":true,"href":"https:\/\/blog.polityka.pl\/adamczewski\/wp-json\/wp\/v2\/categories?post=8331"},{"taxonomy":"post_tag","embeddable":true,"href":"https:\/\/blog.polityka.pl\/adamczewski\/wp-json\/wp\/v2\/tags?post=8331"}],"curies":[{"name":"wp","href":"https:\/\/api.w.org\/{rel}","templated":true}]}}