
{"id":8332,"date":"2007-12-26T09:53:28","date_gmt":"2007-12-26T08:53:28","guid":{"rendered":"http:\/\/adamczewscy.pl\/?p=249"},"modified":"2007-12-26T09:53:28","modified_gmt":"2007-12-26T08:53:28","slug":"risotto-z-kurczaka","status":"publish","type":"post","link":"https:\/\/blog.polityka.pl\/adamczewski\/2007\/12\/26\/risotto-z-kurczaka\/","title":{"rendered":"Risotto z kurczaka"},"content":{"rendered":"<p><em>2 szklanki pokrojonego mi\u0119sa z kurczaka (gotowanego lub pieczonego) pokrojonego w kostk\u0119, szklanka (z czubem) ry\u017cu, 2 \u0142y\u017cki mas\u0142a, 4 \u0142y\u017cki parmezanu, szklanka roso\u0142u (mo\u017ce by\u0107 z kostki), s\u00f3l, pieprz. Ewentualnie 20 dag pieczarek podsma\u017conych na 1 \u0142y\u017cce mas\u0142a.<\/em><br \/>\n1. Ugotowa\u0107 ry\u017c w du\u017cej ilo\u015bci wody. Powinien by\u0107 prawie mi\u0119kki, ale nie rozgotowany. Odcedzi\u0107.<br \/>\n2. Pokrojone pieczarki podsma\u017cy\u0107 na ma\u015ble.<br \/>\n3. Wymiesza\u0107 ry\u017c z pokrojonym mi\u0119sem, pieczarkami i parmezanem a tak\u017ce z 1, 5 \u0142y\u017cki mas\u0142a, doda\u0107 ros\u00f3\u0142 i wymiesza\u0107..<br \/>\n4. Wysmarowa\u0107 pozosta\u0142ym mas\u0142em \u017caroodporne naczynie do zapiekania, wy\u0142o\u017cy\u0107 ry\u017c z mi\u0119sem, wyg\u0142adzi\u0107 wierzch i zapiec w temperaturze 200 st C przez oko\u0142o 30 minut.<\/p>\n<p>Jest to oczywi\u015bcie doskona\u0142e spo\u017cytkowanie \u015bwi\u0105tecznych resztek, w\u015br\u00f3d pokrojonych mi\u0119s mo\u017ce si\u0119 znale\u017a\u0107 tak\u017ce nieco innych rodzaj\u00f3w pozosta\u0142ych pieczeni.<\/p>\n","protected":false},"excerpt":{"rendered":"<p>2 szklanki pokrojonego mi\u0119sa z kurczaka (gotowanego lub pieczonego) pokrojonego w kostk\u0119, szklanka (z czubem) ry\u017cu, 2 \u0142y\u017cki mas\u0142a, 4 \u0142y\u017cki parmezanu, szklanka roso\u0142u (mo\u017ce by\u0107 z kostki), s\u00f3l, pieprz. Ewentualnie 20 dag pieczarek podsma\u017conych na 1 \u0142y\u017cce mas\u0142a. 1. Ugotowa\u0107 ry\u017c w du\u017cej ilo\u015bci wody. Powinien by\u0107 prawie mi\u0119kki, ale nie rozgotowany. Odcedzi\u0107. 2. [&hellip;]<\/p>\n","protected":false},"author":2,"featured_media":0,"comment_status":"open","ping_status":"open","sticky":false,"template":"","format":"standard","meta":{"footnotes":""},"categories":[1],"tags":[],"_links":{"self":[{"href":"https:\/\/blog.polityka.pl\/adamczewski\/wp-json\/wp\/v2\/posts\/8332"}],"collection":[{"href":"https:\/\/blog.polityka.pl\/adamczewski\/wp-json\/wp\/v2\/posts"}],"about":[{"href":"https:\/\/blog.polityka.pl\/adamczewski\/wp-json\/wp\/v2\/types\/post"}],"author":[{"embeddable":true,"href":"https:\/\/blog.polityka.pl\/adamczewski\/wp-json\/wp\/v2\/users\/2"}],"replies":[{"embeddable":true,"href":"https:\/\/blog.polityka.pl\/adamczewski\/wp-json\/wp\/v2\/comments?post=8332"}],"version-history":[{"count":0,"href":"https:\/\/blog.polityka.pl\/adamczewski\/wp-json\/wp\/v2\/posts\/8332\/revisions"}],"wp:attachment":[{"href":"https:\/\/blog.polityka.pl\/adamczewski\/wp-json\/wp\/v2\/media?parent=8332"}],"wp:term":[{"taxonomy":"category","embeddable":true,"href":"https:\/\/blog.polityka.pl\/adamczewski\/wp-json\/wp\/v2\/categories?post=8332"},{"taxonomy":"post_tag","embeddable":true,"href":"https:\/\/blog.polityka.pl\/adamczewski\/wp-json\/wp\/v2\/tags?post=8332"}],"curies":[{"name":"wp","href":"https:\/\/api.w.org\/{rel}","templated":true}]}}