
{"id":8333,"date":"2007-12-26T10:42:56","date_gmt":"2007-12-26T09:42:56","guid":{"rendered":"http:\/\/adamczewscy.pl\/?p=250"},"modified":"2007-12-26T10:42:56","modified_gmt":"2007-12-26T09:42:56","slug":"zupa-selerowa","status":"publish","type":"post","link":"https:\/\/blog.polityka.pl\/adamczewski\/2007\/12\/26\/zupa-selerowa\/","title":{"rendered":"Zupa selerowa"},"content":{"rendered":"<p><em>? \u015bredniego selera, \u0142y\u017ceczka mas\u0142a, niedu\u017ce winne jab\u0142ko, szklanka roso\u0142u, 2 \u0142y\u017ceczki soku z cytryny, mielony bia\u0142y pieprz, s\u00f3l, cukier, ? \u0142y\u017ceczki m\u0105ki ziemniaczanej, 3 \u0142y\u017cki \u015bmietany, ewentualnie kieliszek wermutu lub miodu pitnego albo bia\u0142ego wytrawnego wina<\/em><br \/>\n1. Selera obierz i pokr\u00f3j na drobne kawa\u0142ki, jab\u0142ko pokr\u00f3j podobnie. W czasie krojenia skrop je sokiem cytrynowym, aby  nie czernia\u0142y.<br \/>\n2. Poddu\u015b  pokrojonego selera i jab\u0142ko na ma\u015ble. Kiedy b\u0119d\u0105 mi\u0119kkie, dodaj ros\u00f3\u0142 i gotuj oko\u0142o 15 minut.<br \/>\n3. Zmiksuj zup\u0119, dopraw j\u0105 sol\u0105, pieprzem i cukrem.<br \/>\n4. Wymieszaj m\u0105k\u0119 ziemniaczan\u0105 ze \u015bmietan\u0105 i dodaj do zupy (najpierw wlej kilka \u0142y\u017cek gor\u0105cej zupy do \u015bmietany, a potem po\u0142\u0105cz oba p\u0142yny). Zagotuj.<br \/>\n5. Dodaj alkohol i ju\u017c nie gotuj.<\/p>\n<p>Zupa ta doskonale smakuje z grzank\u0105 z tostera.<\/p>\n","protected":false},"excerpt":{"rendered":"<p>? \u015bredniego selera, \u0142y\u017ceczka mas\u0142a, niedu\u017ce winne jab\u0142ko, szklanka roso\u0142u, 2 \u0142y\u017ceczki soku z cytryny, mielony bia\u0142y pieprz, s\u00f3l, cukier, ? \u0142y\u017ceczki m\u0105ki ziemniaczanej, 3 \u0142y\u017cki \u015bmietany, ewentualnie kieliszek wermutu lub miodu pitnego albo bia\u0142ego wytrawnego wina 1. Selera obierz i pokr\u00f3j na drobne kawa\u0142ki, jab\u0142ko pokr\u00f3j podobnie. W czasie krojenia skrop je sokiem cytrynowym, [&hellip;]<\/p>\n","protected":false},"author":2,"featured_media":0,"comment_status":"open","ping_status":"open","sticky":false,"template":"","format":"standard","meta":{"footnotes":""},"categories":[1],"tags":[],"_links":{"self":[{"href":"https:\/\/blog.polityka.pl\/adamczewski\/wp-json\/wp\/v2\/posts\/8333"}],"collection":[{"href":"https:\/\/blog.polityka.pl\/adamczewski\/wp-json\/wp\/v2\/posts"}],"about":[{"href":"https:\/\/blog.polityka.pl\/adamczewski\/wp-json\/wp\/v2\/types\/post"}],"author":[{"embeddable":true,"href":"https:\/\/blog.polityka.pl\/adamczewski\/wp-json\/wp\/v2\/users\/2"}],"replies":[{"embeddable":true,"href":"https:\/\/blog.polityka.pl\/adamczewski\/wp-json\/wp\/v2\/comments?post=8333"}],"version-history":[{"count":0,"href":"https:\/\/blog.polityka.pl\/adamczewski\/wp-json\/wp\/v2\/posts\/8333\/revisions"}],"wp:attachment":[{"href":"https:\/\/blog.polityka.pl\/adamczewski\/wp-json\/wp\/v2\/media?parent=8333"}],"wp:term":[{"taxonomy":"category","embeddable":true,"href":"https:\/\/blog.polityka.pl\/adamczewski\/wp-json\/wp\/v2\/categories?post=8333"},{"taxonomy":"post_tag","embeddable":true,"href":"https:\/\/blog.polityka.pl\/adamczewski\/wp-json\/wp\/v2\/tags?post=8333"}],"curies":[{"name":"wp","href":"https:\/\/api.w.org\/{rel}","templated":true}]}}