
{"id":8334,"date":"2007-12-26T10:43:42","date_gmt":"2007-12-26T09:43:42","guid":{"rendered":"http:\/\/adamczewscy.pl\/?p=251"},"modified":"2007-12-26T10:43:42","modified_gmt":"2007-12-26T09:43:42","slug":"pory-w-smietanie","status":"publish","type":"post","link":"https:\/\/blog.polityka.pl\/adamczewski\/2007\/12\/26\/pory-w-smietanie\/","title":{"rendered":"Pory w \u015bmietanie"},"content":{"rendered":"<p><em>2 du\u017ce pory ze spor\u0105 bia\u0142\u0105 cz\u0119\u015bci\u0105, 3 \u0142y\u017cki \u015bmietany, 3 kopiaste \u0142y\u017cki startego ostrego sera, s\u00f3l, pieprz, \u0142y\u017cka oliwy lub oleju<\/em><br \/>\n1. Rozgrzej na patelni oliw\u0119 lub olej.<br \/>\n2. Pory pokr\u00f3j w 1-3-centymetrowe kawa\u0142ki.<br \/>\n3. Wysyp pory na patelni\u0119 i usma\u017c, doprawiaj\u0105c w czasie sma\u017cenia pieprzem i sol\u0105. Kiedy zaczynaj\u0105 si\u0119 rumieni\u0107, s\u0105 gotowe. Dodaj \u015bmietan\u0119 i wymieszaj.<br \/>\n4. Prze\u0142\u00f3\u017c potraw\u0119 na \u017caroodporny talerz lub p\u00f3\u0142misek, posyp startym serem i zapiekaj do momentu, kiedy ser si\u0119 zrumieni.<\/p>\n","protected":false},"excerpt":{"rendered":"<p>2 du\u017ce pory ze spor\u0105 bia\u0142\u0105 cz\u0119\u015bci\u0105, 3 \u0142y\u017cki \u015bmietany, 3 kopiaste \u0142y\u017cki startego ostrego sera, s\u00f3l, pieprz, \u0142y\u017cka oliwy lub oleju 1. Rozgrzej na patelni oliw\u0119 lub olej. 2. Pory pokr\u00f3j w 1-3-centymetrowe kawa\u0142ki. 3. Wysyp pory na patelni\u0119 i usma\u017c, doprawiaj\u0105c w czasie sma\u017cenia pieprzem i sol\u0105. Kiedy zaczynaj\u0105 si\u0119 rumieni\u0107, s\u0105 gotowe. [&hellip;]<\/p>\n","protected":false},"author":2,"featured_media":0,"comment_status":"open","ping_status":"open","sticky":false,"template":"","format":"standard","meta":{"footnotes":""},"categories":[1],"tags":[],"_links":{"self":[{"href":"https:\/\/blog.polityka.pl\/adamczewski\/wp-json\/wp\/v2\/posts\/8334"}],"collection":[{"href":"https:\/\/blog.polityka.pl\/adamczewski\/wp-json\/wp\/v2\/posts"}],"about":[{"href":"https:\/\/blog.polityka.pl\/adamczewski\/wp-json\/wp\/v2\/types\/post"}],"author":[{"embeddable":true,"href":"https:\/\/blog.polityka.pl\/adamczewski\/wp-json\/wp\/v2\/users\/2"}],"replies":[{"embeddable":true,"href":"https:\/\/blog.polityka.pl\/adamczewski\/wp-json\/wp\/v2\/comments?post=8334"}],"version-history":[{"count":0,"href":"https:\/\/blog.polityka.pl\/adamczewski\/wp-json\/wp\/v2\/posts\/8334\/revisions"}],"wp:attachment":[{"href":"https:\/\/blog.polityka.pl\/adamczewski\/wp-json\/wp\/v2\/media?parent=8334"}],"wp:term":[{"taxonomy":"category","embeddable":true,"href":"https:\/\/blog.polityka.pl\/adamczewski\/wp-json\/wp\/v2\/categories?post=8334"},{"taxonomy":"post_tag","embeddable":true,"href":"https:\/\/blog.polityka.pl\/adamczewski\/wp-json\/wp\/v2\/tags?post=8334"}],"curies":[{"name":"wp","href":"https:\/\/api.w.org\/{rel}","templated":true}]}}