
{"id":8335,"date":"2007-12-26T10:46:18","date_gmt":"2007-12-26T09:46:18","guid":{"rendered":"http:\/\/adamczewscy.pl\/?p=252"},"modified":"2007-12-26T10:46:18","modified_gmt":"2007-12-26T09:46:18","slug":"legumina-czekoladowa","status":"publish","type":"post","link":"https:\/\/blog.polityka.pl\/adamczewski\/2007\/12\/26\/legumina-czekoladowa\/","title":{"rendered":"Legumina czekoladowa"},"content":{"rendered":"<p><em>8 jaj, 15 dag  cukru, 4 \u0142y\u017cki m\u0105ki, 20 dag startej czekolady, ? laski wanilii, 1 \u0142y\u017cka oliwy lub mas\u0142a do wysmarowania formy<\/em><br \/>\nDzie\u0144 przed przygotowaniem leguminy wybi\u0107 jaja, oddzielaj\u0105c \u017c\u00f3\u0142tka od bia\u0142ek.<br \/>\nDo \u017c\u00f3\u0142tek doda\u0107 posiekan\u0105 wanili\u0119 i pozostawi\u0107 w ch\u0142odnym miejscu. Nast\u0119pnego dnia utrze\u0107 \u017c\u00f3\u0142tka z cukrem, dodaj\u0105c pod koniec start\u0105 czekolad\u0119, po\u0142ow\u0119 m\u0105ki i  pian\u0119 z 4 bia\u0142ek. Uciera\u0107  mas\u0119 10 minut w jedn\u0105 stron\u0119. Doda\u0107 reszt\u0119 m\u0105ki i pian\u0119 z pozosta\u0142ych bia\u0142ek. Uciera\u0107 co najmniej kilkana\u015bcie minut, po czym prze\u0142o\u017cy\u0107 mas\u0119 do wysmarowanej oliw\u0105 formy i piec w \u015brednio nagrzanym  piekarniku oko\u0142o 30 minut. Spr\u00f3bowa\u0107 patyczkiem: je\u015bli b\u0119dzie suchy, legumina jest gotowa. Podawa\u0107 wy\u0142o\u017con\u0105 na talerz, jak babk\u0119, ewentualnie z dodatkiem soku owocowego.<\/p>\n","protected":false},"excerpt":{"rendered":"<p>8 jaj, 15 dag cukru, 4 \u0142y\u017cki m\u0105ki, 20 dag startej czekolady, ? laski wanilii, 1 \u0142y\u017cka oliwy lub mas\u0142a do wysmarowania formy Dzie\u0144 przed przygotowaniem leguminy wybi\u0107 jaja, oddzielaj\u0105c \u017c\u00f3\u0142tka od bia\u0142ek. Do \u017c\u00f3\u0142tek doda\u0107 posiekan\u0105 wanili\u0119 i pozostawi\u0107 w ch\u0142odnym miejscu. Nast\u0119pnego dnia utrze\u0107 \u017c\u00f3\u0142tka z cukrem, dodaj\u0105c pod koniec start\u0105 czekolad\u0119, po\u0142ow\u0119 [&hellip;]<\/p>\n","protected":false},"author":2,"featured_media":0,"comment_status":"open","ping_status":"open","sticky":false,"template":"","format":"standard","meta":{"footnotes":""},"categories":[1],"tags":[],"_links":{"self":[{"href":"https:\/\/blog.polityka.pl\/adamczewski\/wp-json\/wp\/v2\/posts\/8335"}],"collection":[{"href":"https:\/\/blog.polityka.pl\/adamczewski\/wp-json\/wp\/v2\/posts"}],"about":[{"href":"https:\/\/blog.polityka.pl\/adamczewski\/wp-json\/wp\/v2\/types\/post"}],"author":[{"embeddable":true,"href":"https:\/\/blog.polityka.pl\/adamczewski\/wp-json\/wp\/v2\/users\/2"}],"replies":[{"embeddable":true,"href":"https:\/\/blog.polityka.pl\/adamczewski\/wp-json\/wp\/v2\/comments?post=8335"}],"version-history":[{"count":0,"href":"https:\/\/blog.polityka.pl\/adamczewski\/wp-json\/wp\/v2\/posts\/8335\/revisions"}],"wp:attachment":[{"href":"https:\/\/blog.polityka.pl\/adamczewski\/wp-json\/wp\/v2\/media?parent=8335"}],"wp:term":[{"taxonomy":"category","embeddable":true,"href":"https:\/\/blog.polityka.pl\/adamczewski\/wp-json\/wp\/v2\/categories?post=8335"},{"taxonomy":"post_tag","embeddable":true,"href":"https:\/\/blog.polityka.pl\/adamczewski\/wp-json\/wp\/v2\/tags?post=8335"}],"curies":[{"name":"wp","href":"https:\/\/api.w.org\/{rel}","templated":true}]}}