
{"id":8336,"date":"2007-12-26T11:04:31","date_gmt":"2007-12-26T10:04:31","guid":{"rendered":"http:\/\/adamczewscy.pl\/?p=253"},"modified":"2007-12-26T11:04:31","modified_gmt":"2007-12-26T10:04:31","slug":"zupa-jarzynowa-z-mrozonki","status":"publish","type":"post","link":"https:\/\/blog.polityka.pl\/adamczewski\/2007\/12\/26\/zupa-jarzynowa-z-mrozonki\/","title":{"rendered":"Zupa jarzynowa z mro\u017conki"},"content":{"rendered":"<p><em>paczka gotowej mro\u017conej mieszanki warzywnej na zup\u0119 jarzynow\u0105, \u0142y\u017cka mas\u0142a, szklanka roso\u0142u wo\u0142owego lub drobiowego z kostki, 2 \u015brednie ziemniaki, ? szklanki mleka, s\u00f3l i pieprz do smaku, \u0142y\u017cka siekanego koperku lub zielonej pietruszki<\/em><br \/>\n1. Rozgrzej w garnku mas\u0142o, wsyp mro\u017cone warzywa i pokrojone w drobn\u0105 kostk\u0119 ziemniaki. Podsma\u017caj do momentu, kiedy warzywa si\u0119 rozmro\u017c\u0105 i zaczn\u0105 lekko rumieni\u0107.<br \/>\n2. Do podsma\u017conych warzyw dolej ros\u00f3\u0142 i gotuj 10 minut, pod koniec doprawiaj\u0105c sol\u0105 i pieprzem.<br \/>\n3. Do doprawionej zupy wlej mleko i jeszcze raz zagotuj. Posyp siekanym koprem lub pietruszk\u0105.<\/p>\n<p>Zupy wyjdzie wi\u0119cej ni\u017c jeden talerz, mo\u017ce wi\u0119c pozosta\u0107 w lod\u00f3wce na nast\u0119pny dzie\u0144. Odgrzana i posypana startym serem b\u0119dzie mia\u0142a zupe\u0142nie inny smak.<\/p>\n","protected":false},"excerpt":{"rendered":"<p>paczka gotowej mro\u017conej mieszanki warzywnej na zup\u0119 jarzynow\u0105, \u0142y\u017cka mas\u0142a, szklanka roso\u0142u wo\u0142owego lub drobiowego z kostki, 2 \u015brednie ziemniaki, ? szklanki mleka, s\u00f3l i pieprz do smaku, \u0142y\u017cka siekanego koperku lub zielonej pietruszki 1. Rozgrzej w garnku mas\u0142o, wsyp mro\u017cone warzywa i pokrojone w drobn\u0105 kostk\u0119 ziemniaki. Podsma\u017caj do momentu, kiedy warzywa si\u0119 rozmro\u017c\u0105 [&hellip;]<\/p>\n","protected":false},"author":2,"featured_media":0,"comment_status":"open","ping_status":"open","sticky":false,"template":"","format":"standard","meta":{"footnotes":""},"categories":[1],"tags":[],"_links":{"self":[{"href":"https:\/\/blog.polityka.pl\/adamczewski\/wp-json\/wp\/v2\/posts\/8336"}],"collection":[{"href":"https:\/\/blog.polityka.pl\/adamczewski\/wp-json\/wp\/v2\/posts"}],"about":[{"href":"https:\/\/blog.polityka.pl\/adamczewski\/wp-json\/wp\/v2\/types\/post"}],"author":[{"embeddable":true,"href":"https:\/\/blog.polityka.pl\/adamczewski\/wp-json\/wp\/v2\/users\/2"}],"replies":[{"embeddable":true,"href":"https:\/\/blog.polityka.pl\/adamczewski\/wp-json\/wp\/v2\/comments?post=8336"}],"version-history":[{"count":0,"href":"https:\/\/blog.polityka.pl\/adamczewski\/wp-json\/wp\/v2\/posts\/8336\/revisions"}],"wp:attachment":[{"href":"https:\/\/blog.polityka.pl\/adamczewski\/wp-json\/wp\/v2\/media?parent=8336"}],"wp:term":[{"taxonomy":"category","embeddable":true,"href":"https:\/\/blog.polityka.pl\/adamczewski\/wp-json\/wp\/v2\/categories?post=8336"},{"taxonomy":"post_tag","embeddable":true,"href":"https:\/\/blog.polityka.pl\/adamczewski\/wp-json\/wp\/v2\/tags?post=8336"}],"curies":[{"name":"wp","href":"https:\/\/api.w.org\/{rel}","templated":true}]}}