
{"id":8337,"date":"2007-12-26T11:05:49","date_gmt":"2007-12-26T10:05:49","guid":{"rendered":"http:\/\/adamczewscy.pl\/?p=254"},"modified":"2007-12-26T11:05:49","modified_gmt":"2007-12-26T10:05:49","slug":"marchew-z-winegretem","status":"publish","type":"post","link":"https:\/\/blog.polityka.pl\/adamczewski\/2007\/12\/26\/marchew-z-winegretem\/","title":{"rendered":"Marchew z winegretem"},"content":{"rendered":"<p><em>3-4 marchewki, dla amator\u00f3w \u0142y\u017ceczka maku<br \/>\nna sos: 3 \u0142y\u017cki oliwy lub oleju z  pestek winogron, \u0142y\u017cka octu balsamicznego lub 1 ? \u0142y\u017cki soku cytrynowego, na czubek \u0142y\u017ceczki cukru, s\u00f3l, szczypta bia\u0142ego mielonego pieprzu<\/em><br \/>\n1. Przygotuj winegret: wszystkie sk\u0142adniki w\u0142\u00f3\u017c do ma\u0142ej miseczki i widelcem ubij na jednorodny sos.<br \/>\n2. Utrzyj obran\u0105 cienko marchewk\u0119 na grubej jarzynowej tarce lub w malakserze.<br \/>\n3. Wymieszaj marchewk\u0119 z winegretem. Doskonale prezentuje si\u0119 marchewka z dodatkiem maku, kt\u00f3ry wystarczy sparzy\u0107 i doda\u0107 do  sur\u00f3wki.<br \/>\n4. Odstaw na 15 minut.<\/p>\n","protected":false},"excerpt":{"rendered":"<p>3-4 marchewki, dla amator\u00f3w \u0142y\u017ceczka maku na sos: 3 \u0142y\u017cki oliwy lub oleju z pestek winogron, \u0142y\u017cka octu balsamicznego lub 1 ? \u0142y\u017cki soku cytrynowego, na czubek \u0142y\u017ceczki cukru, s\u00f3l, szczypta bia\u0142ego mielonego pieprzu 1. Przygotuj winegret: wszystkie sk\u0142adniki w\u0142\u00f3\u017c do ma\u0142ej miseczki i widelcem ubij na jednorodny sos. 2. Utrzyj obran\u0105 cienko marchewk\u0119 na [&hellip;]<\/p>\n","protected":false},"author":2,"featured_media":0,"comment_status":"open","ping_status":"open","sticky":false,"template":"","format":"standard","meta":{"footnotes":""},"categories":[1],"tags":[],"_links":{"self":[{"href":"https:\/\/blog.polityka.pl\/adamczewski\/wp-json\/wp\/v2\/posts\/8337"}],"collection":[{"href":"https:\/\/blog.polityka.pl\/adamczewski\/wp-json\/wp\/v2\/posts"}],"about":[{"href":"https:\/\/blog.polityka.pl\/adamczewski\/wp-json\/wp\/v2\/types\/post"}],"author":[{"embeddable":true,"href":"https:\/\/blog.polityka.pl\/adamczewski\/wp-json\/wp\/v2\/users\/2"}],"replies":[{"embeddable":true,"href":"https:\/\/blog.polityka.pl\/adamczewski\/wp-json\/wp\/v2\/comments?post=8337"}],"version-history":[{"count":0,"href":"https:\/\/blog.polityka.pl\/adamczewski\/wp-json\/wp\/v2\/posts\/8337\/revisions"}],"wp:attachment":[{"href":"https:\/\/blog.polityka.pl\/adamczewski\/wp-json\/wp\/v2\/media?parent=8337"}],"wp:term":[{"taxonomy":"category","embeddable":true,"href":"https:\/\/blog.polityka.pl\/adamczewski\/wp-json\/wp\/v2\/categories?post=8337"},{"taxonomy":"post_tag","embeddable":true,"href":"https:\/\/blog.polityka.pl\/adamczewski\/wp-json\/wp\/v2\/tags?post=8337"}],"curies":[{"name":"wp","href":"https:\/\/api.w.org\/{rel}","templated":true}]}}