
{"id":8339,"date":"2007-12-26T11:10:24","date_gmt":"2007-12-26T10:10:24","guid":{"rendered":"http:\/\/adamczewscy.pl\/?p=256"},"modified":"2007-12-26T11:10:24","modified_gmt":"2007-12-26T10:10:24","slug":"krem-z-cukinii","status":"publish","type":"post","link":"https:\/\/blog.polityka.pl\/adamczewski\/2007\/12\/26\/krem-z-cukinii\/","title":{"rendered":"Krem z cukinii"},"content":{"rendered":"<p><em>2 ma\u0142e cukinie, \u0142y\u017cka oliwy z oliwek, cebula, 1 ? szklanki roso\u0142u z kostki, s\u00f3l, cukier, pieprz, 2 \u0142y\u017cki \u015bmietanki 12 %,  \u0142y\u017ceczka mas\u0142a, 2 kromki bu\u0142ki<\/em><br \/>\n1. Pokr\u00f3j cukinie bez obierania i wraz z posiekan\u0105 cebul\u0105 poddu\u015b na oliwie (ok. 5 minut).<br \/>\n2. Pokr\u00f3j bu\u0142k\u0119 w kostk\u0119 i zrumie\u0144 na suchej patelni, na koniec dodaj mas\u0142o i wymieszaj.<br \/>\n3. Podduszon\u0105 cukini\u0119 zmiksuj wraz z roso\u0142em, dopraw sol\u0105, pieprzem i cukrem, dodaj \u015bmietank\u0119.<\/p>\n<p>Podawaj z grzankami  wsypanymi do osobnego naczynia.<\/p>\n","protected":false},"excerpt":{"rendered":"<p>2 ma\u0142e cukinie, \u0142y\u017cka oliwy z oliwek, cebula, 1 ? szklanki roso\u0142u z kostki, s\u00f3l, cukier, pieprz, 2 \u0142y\u017cki \u015bmietanki 12 %, \u0142y\u017ceczka mas\u0142a, 2 kromki bu\u0142ki 1. Pokr\u00f3j cukinie bez obierania i wraz z posiekan\u0105 cebul\u0105 poddu\u015b na oliwie (ok. 5 minut). 2. Pokr\u00f3j bu\u0142k\u0119 w kostk\u0119 i zrumie\u0144 na suchej patelni, na koniec [&hellip;]<\/p>\n","protected":false},"author":2,"featured_media":0,"comment_status":"open","ping_status":"open","sticky":false,"template":"","format":"standard","meta":{"footnotes":""},"categories":[1],"tags":[],"_links":{"self":[{"href":"https:\/\/blog.polityka.pl\/adamczewski\/wp-json\/wp\/v2\/posts\/8339"}],"collection":[{"href":"https:\/\/blog.polityka.pl\/adamczewski\/wp-json\/wp\/v2\/posts"}],"about":[{"href":"https:\/\/blog.polityka.pl\/adamczewski\/wp-json\/wp\/v2\/types\/post"}],"author":[{"embeddable":true,"href":"https:\/\/blog.polityka.pl\/adamczewski\/wp-json\/wp\/v2\/users\/2"}],"replies":[{"embeddable":true,"href":"https:\/\/blog.polityka.pl\/adamczewski\/wp-json\/wp\/v2\/comments?post=8339"}],"version-history":[{"count":0,"href":"https:\/\/blog.polityka.pl\/adamczewski\/wp-json\/wp\/v2\/posts\/8339\/revisions"}],"wp:attachment":[{"href":"https:\/\/blog.polityka.pl\/adamczewski\/wp-json\/wp\/v2\/media?parent=8339"}],"wp:term":[{"taxonomy":"category","embeddable":true,"href":"https:\/\/blog.polityka.pl\/adamczewski\/wp-json\/wp\/v2\/categories?post=8339"},{"taxonomy":"post_tag","embeddable":true,"href":"https:\/\/blog.polityka.pl\/adamczewski\/wp-json\/wp\/v2\/tags?post=8339"}],"curies":[{"name":"wp","href":"https:\/\/api.w.org\/{rel}","templated":true}]}}