
{"id":8340,"date":"2007-12-26T11:11:20","date_gmt":"2007-12-26T10:11:20","guid":{"rendered":"http:\/\/adamczewscy.pl\/?p=257"},"modified":"2007-12-26T11:11:20","modified_gmt":"2007-12-26T10:11:20","slug":"roszponka","status":"publish","type":"post","link":"https:\/\/blog.polityka.pl\/adamczewski\/2007\/12\/26\/roszponka\/","title":{"rendered":"Roszponka"},"content":{"rendered":"<p><em>? lub ca\u0142e opakowanie roszponki, ? s\u0142odkiej papryki, ? du\u017cego mi\u0119sistego pomidora, 2 \u0142y\u017cki oliwek bez pestek (czarnych lub zielonych), ma\u0142y z\u0105bek czosnku, ? awokado<br \/>\nna sos: 3 \u0142y\u017cki oliwy lub oleju, \u0142y\u017cka soku z cytryny, s\u00f3l,  szczypta pieprzu, ? \u0142y\u017ceczki musztardy miodowej<\/em><br \/>\n1. Roszponk\u0119 umyj, ods\u0105cz w suszarce do sa\u0142aty lub roz\u0142\u00f3\u017c na \u015bciereczce, aby obciek\u0142a.<br \/>\n2. Pokr\u00f3j pomidora, papryk\u0119 i awokado w kostk\u0119, a oliwki w kr\u0105\u017cki.<br \/>\n3. Wymieszaj sk\u0142adniki sosu w miseczce lub w zakr\u0119conym s\u0142oiczku.<br \/>\n4. Wymieszaj sk\u0142adniki sa\u0142atki, polej j\u0105 sosem i raz jeszcze wymieszaj.<\/p>\n<p>Sa\u0142atk\u0119 t\u0119 nale\u017cy zjada\u0107 od razu.<\/p>\n","protected":false},"excerpt":{"rendered":"<p>? lub ca\u0142e opakowanie roszponki, ? s\u0142odkiej papryki, ? du\u017cego mi\u0119sistego pomidora, 2 \u0142y\u017cki oliwek bez pestek (czarnych lub zielonych), ma\u0142y z\u0105bek czosnku, ? awokado na sos: 3 \u0142y\u017cki oliwy lub oleju, \u0142y\u017cka soku z cytryny, s\u00f3l, szczypta pieprzu, ? \u0142y\u017ceczki musztardy miodowej 1. Roszponk\u0119 umyj, ods\u0105cz w suszarce do sa\u0142aty lub roz\u0142\u00f3\u017c na \u015bciereczce, [&hellip;]<\/p>\n","protected":false},"author":2,"featured_media":0,"comment_status":"open","ping_status":"open","sticky":false,"template":"","format":"standard","meta":{"footnotes":""},"categories":[1],"tags":[],"_links":{"self":[{"href":"https:\/\/blog.polityka.pl\/adamczewski\/wp-json\/wp\/v2\/posts\/8340"}],"collection":[{"href":"https:\/\/blog.polityka.pl\/adamczewski\/wp-json\/wp\/v2\/posts"}],"about":[{"href":"https:\/\/blog.polityka.pl\/adamczewski\/wp-json\/wp\/v2\/types\/post"}],"author":[{"embeddable":true,"href":"https:\/\/blog.polityka.pl\/adamczewski\/wp-json\/wp\/v2\/users\/2"}],"replies":[{"embeddable":true,"href":"https:\/\/blog.polityka.pl\/adamczewski\/wp-json\/wp\/v2\/comments?post=8340"}],"version-history":[{"count":0,"href":"https:\/\/blog.polityka.pl\/adamczewski\/wp-json\/wp\/v2\/posts\/8340\/revisions"}],"wp:attachment":[{"href":"https:\/\/blog.polityka.pl\/adamczewski\/wp-json\/wp\/v2\/media?parent=8340"}],"wp:term":[{"taxonomy":"category","embeddable":true,"href":"https:\/\/blog.polityka.pl\/adamczewski\/wp-json\/wp\/v2\/categories?post=8340"},{"taxonomy":"post_tag","embeddable":true,"href":"https:\/\/blog.polityka.pl\/adamczewski\/wp-json\/wp\/v2\/tags?post=8340"}],"curies":[{"name":"wp","href":"https:\/\/api.w.org\/{rel}","templated":true}]}}