
{"id":8341,"date":"2007-12-26T11:13:34","date_gmt":"2007-12-26T10:13:34","guid":{"rendered":"http:\/\/adamczewscy.pl\/?p=258"},"modified":"2007-12-26T11:13:34","modified_gmt":"2007-12-26T10:13:34","slug":"fasolka-szparagowa-w-sosie-wloskim","status":"publish","type":"post","link":"https:\/\/blog.polityka.pl\/adamczewski\/2007\/12\/26\/fasolka-szparagowa-w-sosie-wloskim\/","title":{"rendered":"Fasolka szparagowa w sosie w\u0142oskim"},"content":{"rendered":"<p><P><EM>? paczki mro\u017conej fasoli szparagowej, ma\u0142a cebula, \u0142y\u017cka oliwy, ? (500-gramowej) puszki obieranych konserwowych pomidor\u00f3w, s\u00f3l, szczypta zi\u00f3\u0142 prowansalskich<\/EM><BR><\/P><P>\u00a0<\/P><P>1. Odstaw w durszlaku do lekkiego rozmro\u017cenia fasolk\u0119.<BR> 2. Rozgrzej w garnku oliw\u0119, dodaj posiekan\u0105 cebul\u0119 i poddu\u015b j\u0105. Kiedy si\u0119 zeszkli, dodaj pomidory i fasolk\u0119. Gotuj, w miar\u0119 potrzeby podlewaj\u0105c wod\u0105.<BR> 3. Po 15 minutach dodaj s\u00f3l i zio\u0142a prowansalskie i du\u015b do momentu, kiedy fasola b\u0119dzie odpowiednio mi\u0119kka.<\/P><\/p>\n","protected":false},"excerpt":{"rendered":"<p>? paczki mro\u017conej fasoli szparagowej, ma\u0142a cebula, \u0142y\u017cka oliwy, ? (500-gramowej) puszki obieranych konserwowych pomidor\u00f3w, s\u00f3l, szczypta zi\u00f3\u0142 prowansalskich\u00a01. Odstaw w durszlaku do lekkiego rozmro\u017cenia fasolk\u0119. 2. Rozgrzej w garnku oliw\u0119, dodaj posiekan\u0105 cebul\u0119 i poddu\u015b j\u0105. Kiedy si\u0119 zeszkli, dodaj pomidory i fasolk\u0119. Gotuj, w miar\u0119 potrzeby podlewaj\u0105c wod\u0105. 3. Po 15 minutach dodaj [&hellip;]<\/p>\n","protected":false},"author":2,"featured_media":0,"comment_status":"open","ping_status":"open","sticky":false,"template":"","format":"standard","meta":{"footnotes":""},"categories":[1],"tags":[],"_links":{"self":[{"href":"https:\/\/blog.polityka.pl\/adamczewski\/wp-json\/wp\/v2\/posts\/8341"}],"collection":[{"href":"https:\/\/blog.polityka.pl\/adamczewski\/wp-json\/wp\/v2\/posts"}],"about":[{"href":"https:\/\/blog.polityka.pl\/adamczewski\/wp-json\/wp\/v2\/types\/post"}],"author":[{"embeddable":true,"href":"https:\/\/blog.polityka.pl\/adamczewski\/wp-json\/wp\/v2\/users\/2"}],"replies":[{"embeddable":true,"href":"https:\/\/blog.polityka.pl\/adamczewski\/wp-json\/wp\/v2\/comments?post=8341"}],"version-history":[{"count":0,"href":"https:\/\/blog.polityka.pl\/adamczewski\/wp-json\/wp\/v2\/posts\/8341\/revisions"}],"wp:attachment":[{"href":"https:\/\/blog.polityka.pl\/adamczewski\/wp-json\/wp\/v2\/media?parent=8341"}],"wp:term":[{"taxonomy":"category","embeddable":true,"href":"https:\/\/blog.polityka.pl\/adamczewski\/wp-json\/wp\/v2\/categories?post=8341"},{"taxonomy":"post_tag","embeddable":true,"href":"https:\/\/blog.polityka.pl\/adamczewski\/wp-json\/wp\/v2\/tags?post=8341"}],"curies":[{"name":"wp","href":"https:\/\/api.w.org\/{rel}","templated":true}]}}