
{"id":8343,"date":"2007-12-30T10:06:21","date_gmt":"2007-12-30T09:06:21","guid":{"rendered":"http:\/\/adamczewscy.pl\/?p=260"},"modified":"2007-12-30T10:06:21","modified_gmt":"2007-12-30T09:06:21","slug":"zupa-winna","status":"publish","type":"post","link":"https:\/\/blog.polityka.pl\/adamczewski\/2007\/12\/30\/zupa-winna\/","title":{"rendered":"Zupa winna"},"content":{"rendered":"<p><em> 2 szklanki bia\u0142ego wina (wytrawnego) 4 \u017c\u00f3\u0142tka, 4 \u0142y\u017cki cukru.<\/em><br \/>\n1. Zagotowa\u0107 wino z 2 szklankami wody.<br \/>\n2. \u017b\u00f3\u0142tka ubi\u0107 z cukrem na puszysta mas\u0119.<br \/>\n3. Wlewa\u0107 gor\u0105ce wino z wod\u0105 do masy ubijaj\u0105c trzepaczk\u0105 do piany. Podawa\u0107 mo\u017cliwie od razu, p\u00f3ki na wierzchu utrzymuje si\u0119 piana.<br \/>\nJako dodatek do tej rozgrzewaj\u0105cej zupy mo\u017cna podawa\u0107 biszkopty lub grzanki z dro\u017cd\u017cowego ciasta.<\/p>\n","protected":false},"excerpt":{"rendered":"<p>2 szklanki bia\u0142ego wina (wytrawnego) 4 \u017c\u00f3\u0142tka, 4 \u0142y\u017cki cukru. 1. Zagotowa\u0107 wino z 2 szklankami wody. 2. \u017b\u00f3\u0142tka ubi\u0107 z cukrem na puszysta mas\u0119. 3. Wlewa\u0107 gor\u0105ce wino z wod\u0105 do masy ubijaj\u0105c trzepaczk\u0105 do piany. Podawa\u0107 mo\u017cliwie od razu, p\u00f3ki na wierzchu utrzymuje si\u0119 piana. Jako dodatek do tej rozgrzewaj\u0105cej zupy mo\u017cna podawa\u0107 [&hellip;]<\/p>\n","protected":false},"author":2,"featured_media":0,"comment_status":"open","ping_status":"open","sticky":false,"template":"","format":"standard","meta":{"footnotes":""},"categories":[1],"tags":[],"_links":{"self":[{"href":"https:\/\/blog.polityka.pl\/adamczewski\/wp-json\/wp\/v2\/posts\/8343"}],"collection":[{"href":"https:\/\/blog.polityka.pl\/adamczewski\/wp-json\/wp\/v2\/posts"}],"about":[{"href":"https:\/\/blog.polityka.pl\/adamczewski\/wp-json\/wp\/v2\/types\/post"}],"author":[{"embeddable":true,"href":"https:\/\/blog.polityka.pl\/adamczewski\/wp-json\/wp\/v2\/users\/2"}],"replies":[{"embeddable":true,"href":"https:\/\/blog.polityka.pl\/adamczewski\/wp-json\/wp\/v2\/comments?post=8343"}],"version-history":[{"count":0,"href":"https:\/\/blog.polityka.pl\/adamczewski\/wp-json\/wp\/v2\/posts\/8343\/revisions"}],"wp:attachment":[{"href":"https:\/\/blog.polityka.pl\/adamczewski\/wp-json\/wp\/v2\/media?parent=8343"}],"wp:term":[{"taxonomy":"category","embeddable":true,"href":"https:\/\/blog.polityka.pl\/adamczewski\/wp-json\/wp\/v2\/categories?post=8343"},{"taxonomy":"post_tag","embeddable":true,"href":"https:\/\/blog.polityka.pl\/adamczewski\/wp-json\/wp\/v2\/tags?post=8343"}],"curies":[{"name":"wp","href":"https:\/\/api.w.org\/{rel}","templated":true}]}}