
{"id":8346,"date":"2007-12-30T10:09:26","date_gmt":"2007-12-30T09:09:26","guid":{"rendered":"http:\/\/adamczewscy.pl\/?p=263"},"modified":"2007-12-30T10:09:26","modified_gmt":"2007-12-30T09:09:26","slug":"kalmary-z-sosem","status":"publish","type":"post","link":"https:\/\/blog.polityka.pl\/adamczewski\/2007\/12\/30\/kalmary-z-sosem\/","title":{"rendered":"Kalmary z sosem"},"content":{"rendered":"<p><a href=\"http:\/\/adamczewscy.pl\/wp-content\/uploads\/2007\/12\/Calamari-fritti.jpg\"><img loading=\"lazy\" decoding=\"async\" src=\"http:\/\/adamczewscy.pl\/wp-content\/uploads\/2007\/12\/Calamari-fritti.jpg\" alt=\"\" title=\"OLYMPUS DIGITAL CAMERA\" width=\"400\" height=\"533\" class=\"alignnone size-full wp-image-4702\" \/><\/a><\/p>\n<p><em>50 dag pier\u015bcieni z kalmar\u00f3w, 2 jajka, 4 \u0142y\u017cki tartej bu\u0142ki, szklanka oleju s\u0142onecznikowego, s\u00f3l.<br \/>\nNa sos: 3 \u0142y\u017cki majonezu, 3 \u0142y\u017cki jogurtu naturalnego, \u0142y\u017cka siekanego koperku, z\u0105bek czosnku.<\/em><\/p>\n<p>1. Kalmary umy\u0107, ods\u0105czy\u0107 z nadmiaru wody na papierowym r\u0119czniku<br \/>\n2. W miseczce rozk\u0142\u00f3ci\u0107 jajka z \u0142y\u017ck\u0105 wody. W drugiej miseczce przygotowa\u0107 tart\u0105 bu\u0142k\u0119.<br \/>\n3. W g\u0142\u0119bokiej patelni rozgrza\u0107 olej.<br \/>\n4. Macza\u0107 ka\u017cdy pier\u015bcie\u0144 kalmara w jajku, potem w bu\u0142ce i sma\u017cy\u0107 po kilka, a\u017c osi\u0105gn\u0105 ciemnoz\u0142oty kolor. Wyjmowa\u0107 na papierowy r\u0119cznik, aby obcieka\u0142y z nadmiaru t\u0142uszczu.<br \/>\nPosoli\u0107 lekko po wierzchu.<br \/>\n5. Przygotowa\u0107 sos: wymiesza\u0107 jogurt z majonezem, przeci\u015bni\u0119tym przez prask\u0119 czosnkiem i siekanym koperkiem.<\/p>\n<p>Kalmary sma\u017cone s\u0105 doskona\u0142e zar\u00f3wno na zimno jak na gor\u0105co, mo\u017cna je podawa\u0107 w obu tych formach z tym samym pysznym i prostym sosem. Sos ten jest zreszt\u0105 dobry tak\u017ce do krewetek i ryb w\u0119dzonych, takich jak pstr\u0105g a nawet \u0142oso\u015b.<\/p>\n","protected":false},"excerpt":{"rendered":"<p>50 dag pier\u015bcieni z kalmar\u00f3w, 2 jajka, 4 \u0142y\u017cki tartej bu\u0142ki, szklanka oleju s\u0142onecznikowego, s\u00f3l. Na sos: 3 \u0142y\u017cki majonezu, 3 \u0142y\u017cki jogurtu naturalnego, \u0142y\u017cka siekanego koperku, z\u0105bek czosnku. 1. Kalmary umy\u0107, ods\u0105czy\u0107 z nadmiaru wody na papierowym r\u0119czniku 2. W miseczce rozk\u0142\u00f3ci\u0107 jajka z \u0142y\u017ck\u0105 wody. W drugiej miseczce przygotowa\u0107 tart\u0105 bu\u0142k\u0119. 3. W [&hellip;]<\/p>\n","protected":false},"author":2,"featured_media":0,"comment_status":"open","ping_status":"open","sticky":false,"template":"","format":"standard","meta":{"footnotes":""},"categories":[1],"tags":[],"_links":{"self":[{"href":"https:\/\/blog.polityka.pl\/adamczewski\/wp-json\/wp\/v2\/posts\/8346"}],"collection":[{"href":"https:\/\/blog.polityka.pl\/adamczewski\/wp-json\/wp\/v2\/posts"}],"about":[{"href":"https:\/\/blog.polityka.pl\/adamczewski\/wp-json\/wp\/v2\/types\/post"}],"author":[{"embeddable":true,"href":"https:\/\/blog.polityka.pl\/adamczewski\/wp-json\/wp\/v2\/users\/2"}],"replies":[{"embeddable":true,"href":"https:\/\/blog.polityka.pl\/adamczewski\/wp-json\/wp\/v2\/comments?post=8346"}],"version-history":[{"count":0,"href":"https:\/\/blog.polityka.pl\/adamczewski\/wp-json\/wp\/v2\/posts\/8346\/revisions"}],"wp:attachment":[{"href":"https:\/\/blog.polityka.pl\/adamczewski\/wp-json\/wp\/v2\/media?parent=8346"}],"wp:term":[{"taxonomy":"category","embeddable":true,"href":"https:\/\/blog.polityka.pl\/adamczewski\/wp-json\/wp\/v2\/categories?post=8346"},{"taxonomy":"post_tag","embeddable":true,"href":"https:\/\/blog.polityka.pl\/adamczewski\/wp-json\/wp\/v2\/tags?post=8346"}],"curies":[{"name":"wp","href":"https:\/\/api.w.org\/{rel}","templated":true}]}}