
{"id":8374,"date":"2008-01-01T15:58:00","date_gmt":"2008-01-01T15:58:00","guid":{"rendered":"http:\/\/adamczewscy.nowy-swiat.pl\/?p=316"},"modified":"2008-01-01T15:58:00","modified_gmt":"2008-01-01T15:58:00","slug":"zupa-karmelitanska","status":"publish","type":"post","link":"https:\/\/blog.polityka.pl\/adamczewski\/2008\/01\/01\/zupa-karmelitanska\/","title":{"rendered":"Zupa karmelita\u0144ska"},"content":{"rendered":"<p>(6 porcji)<\/p>\n<p>1\/2 szklanki kaszy per\u0142owej, 3\/4 szklanki drobnej bia\u0142ej fasoli, 6 ziemniak\u00f3w, 2 \u0142y\u017cki mas\u0142a, s\u00f3l, \u0142y\u017cka siekanej zielonej pietruszki lub koperku<\/p>\n<p>1. Namoczy\u0107 fasol\u0119 w 2 szklankach wody. Po kilku godzinach ugotowa\u0107 do mi\u0119kko\u015bci.<br \/>\n2. Kasz\u0119 zala\u0107 2 szklankami wody i r\u00f3wnie\u017c ugotowa\u0107 do mi\u0119kko\u015bci.<br \/>\n3. Ziemniaki obra\u0107, pokroi\u0107 w kostk\u0119, zala\u0107 2 szklankami wody i ugotowa\u0107.<br \/>\n4. Ugotowan\u0105 kasz\u0119 utrze\u0107 z mas\u0142em za pomoc\u0105 drewnianej \u0142y\u017cki.<br \/>\n5. Po\u0142\u0105czy\u0107 kasz\u0119 z fasol\u0105 wraz z zalew\u0105 oraz z ziemniakami wraz z wod\u0105, w kt\u00f3rej si\u0119 gotowa\u0142y.<br \/>\n 6. Doprawi\u0107 sol\u0105, razem silnie zagrza\u0107, a na koniec posypa\u0107 siekanym koperkiem lub pietruszk\u0105.<\/p>\n<p>Zup\u0119 t\u0119 naj\u0142atwiej przyrz\u0105dzi\u0107, u\u017cywaj\u0105c kaszy w torebce: ugotowa\u0107 j\u0105 wed\u0142ug przepisu, nast\u0119pnie utrze\u0107 z mas\u0142em i doda\u0107 oko\u0142o 1 1\/2 szklanki wody. Aby zup\u0119 przygotowa\u0107 jeszcze bardziej ekspresowo, mo\u017cna u\u017cy\u0107 konserwowej bia\u0142ej fasoli z puszki, ewentualnie wykorzystuj\u0105c r\u00f3wnie\u017c zalew\u0119.<\/p>\n","protected":false},"excerpt":{"rendered":"<p>(6 porcji) 1\/2 szklanki kaszy per\u0142owej, 3\/4 szklanki drobnej bia\u0142ej fasoli, 6 ziemniak\u00f3w, 2 \u0142y\u017cki mas\u0142a, s\u00f3l, \u0142y\u017cka siekanej zielonej pietruszki lub koperku 1. Namoczy\u0107 fasol\u0119 w 2 szklankach wody. Po kilku godzinach ugotowa\u0107 do mi\u0119kko\u015bci. 2. Kasz\u0119 zala\u0107 2 szklankami wody i r\u00f3wnie\u017c ugotowa\u0107 do mi\u0119kko\u015bci. 3. Ziemniaki obra\u0107, pokroi\u0107 w kostk\u0119, zala\u0107 2 [&hellip;]<\/p>\n","protected":false},"author":2,"featured_media":0,"comment_status":"open","ping_status":"open","sticky":false,"template":"","format":"standard","meta":{"footnotes":""},"categories":[1],"tags":[],"_links":{"self":[{"href":"https:\/\/blog.polityka.pl\/adamczewski\/wp-json\/wp\/v2\/posts\/8374"}],"collection":[{"href":"https:\/\/blog.polityka.pl\/adamczewski\/wp-json\/wp\/v2\/posts"}],"about":[{"href":"https:\/\/blog.polityka.pl\/adamczewski\/wp-json\/wp\/v2\/types\/post"}],"author":[{"embeddable":true,"href":"https:\/\/blog.polityka.pl\/adamczewski\/wp-json\/wp\/v2\/users\/2"}],"replies":[{"embeddable":true,"href":"https:\/\/blog.polityka.pl\/adamczewski\/wp-json\/wp\/v2\/comments?post=8374"}],"version-history":[{"count":0,"href":"https:\/\/blog.polityka.pl\/adamczewski\/wp-json\/wp\/v2\/posts\/8374\/revisions"}],"wp:attachment":[{"href":"https:\/\/blog.polityka.pl\/adamczewski\/wp-json\/wp\/v2\/media?parent=8374"}],"wp:term":[{"taxonomy":"category","embeddable":true,"href":"https:\/\/blog.polityka.pl\/adamczewski\/wp-json\/wp\/v2\/categories?post=8374"},{"taxonomy":"post_tag","embeddable":true,"href":"https:\/\/blog.polityka.pl\/adamczewski\/wp-json\/wp\/v2\/tags?post=8374"}],"curies":[{"name":"wp","href":"https:\/\/api.w.org\/{rel}","templated":true}]}}