
{"id":8383,"date":"2008-01-01T15:58:00","date_gmt":"2008-01-01T15:58:00","guid":{"rendered":"http:\/\/adamczewscy.nowy-swiat.pl\/?p=325"},"modified":"2008-01-01T15:58:00","modified_gmt":"2008-01-01T15:58:00","slug":"zupa-ze-swiezych-ogorkow-2","status":"publish","type":"post","link":"https:\/\/blog.polityka.pl\/adamczewski\/2008\/01\/01\/zupa-ze-swiezych-ogorkow-2\/","title":{"rendered":"Zupa ze \u015bwie\u017cych og\u00f3rk\u00f3w"},"content":{"rendered":"<p>(6 porcji)<\/p>\n<p>2 marchwie, pietruszka, por, kawa\u0142ek selera, cebula, ewentualnie ma\u0142y \u015bwie\u017cy lub suszony grzybek, 5 niewielkich zielonych og\u00f3rk\u00f3w, \u0142y\u017cka mas\u0142a, \u0142y\u017cka m\u0105ki, szklanka s\u0142odkiej \u015bmietanki 12%, 2 \u017c\u00f3\u0142tka i \u0142y\u017ceczka mas\u0142a oraz \u0142y\u017cka siekanego koperku, s\u00f3l<\/p>\n<p>1. Ugotowa\u0107 wywar z marchwi, pietruszki, selera, pora i cebuli<br \/>\nz 6 szklankami wody.<br \/>\n2. Og\u00f3rki obra\u0107 ze sk\u00f3rki, pokroi\u0107 w cienkie plasterki i wraz z \u0142y\u017ck\u0105 mas\u0142a udusi\u0107, dodaj\u0105c kilka \u0142y\u017cek wody. Kiedy og\u00f3rki b\u0119d\u0105 mi\u0119kkie, posypa\u0107 je m\u0105k\u0105 i zmiksowa\u0107, dodaj\u0105c \u015bmietank\u0119.<br \/>\n3. Po\u0142\u0105czy\u0107 wywar ze zmiksowanymi og\u00f3rkami, posoli\u0107 do smaku, po czym zagotowa\u0107.<br \/>\n4. \u017b\u00f3\u0142tka utrze\u0107 mas\u0142em i koperkiem, rozprowadzi\u0107 wrz\u0105c\u0105 zup\u0105. Wi\u0119cej nie gotowa\u0107.<\/p>\n<p>Do tej zupy podawa\u0107 mo\u017cna kruche s\u0142one francuskie ciastka lub ry\u017c ugotowany na sypko.<\/p>\n","protected":false},"excerpt":{"rendered":"<p>(6 porcji) 2 marchwie, pietruszka, por, kawa\u0142ek selera, cebula, ewentualnie ma\u0142y \u015bwie\u017cy lub suszony grzybek, 5 niewielkich zielonych og\u00f3rk\u00f3w, \u0142y\u017cka mas\u0142a, \u0142y\u017cka m\u0105ki, szklanka s\u0142odkiej \u015bmietanki 12%, 2 \u017c\u00f3\u0142tka i \u0142y\u017ceczka mas\u0142a oraz \u0142y\u017cka siekanego koperku, s\u00f3l 1. Ugotowa\u0107 wywar z marchwi, pietruszki, selera, pora i cebuli z 6 szklankami wody. 2. Og\u00f3rki obra\u0107 ze [&hellip;]<\/p>\n","protected":false},"author":2,"featured_media":0,"comment_status":"open","ping_status":"open","sticky":false,"template":"","format":"standard","meta":{"footnotes":""},"categories":[1],"tags":[],"_links":{"self":[{"href":"https:\/\/blog.polityka.pl\/adamczewski\/wp-json\/wp\/v2\/posts\/8383"}],"collection":[{"href":"https:\/\/blog.polityka.pl\/adamczewski\/wp-json\/wp\/v2\/posts"}],"about":[{"href":"https:\/\/blog.polityka.pl\/adamczewski\/wp-json\/wp\/v2\/types\/post"}],"author":[{"embeddable":true,"href":"https:\/\/blog.polityka.pl\/adamczewski\/wp-json\/wp\/v2\/users\/2"}],"replies":[{"embeddable":true,"href":"https:\/\/blog.polityka.pl\/adamczewski\/wp-json\/wp\/v2\/comments?post=8383"}],"version-history":[{"count":0,"href":"https:\/\/blog.polityka.pl\/adamczewski\/wp-json\/wp\/v2\/posts\/8383\/revisions"}],"wp:attachment":[{"href":"https:\/\/blog.polityka.pl\/adamczewski\/wp-json\/wp\/v2\/media?parent=8383"}],"wp:term":[{"taxonomy":"category","embeddable":true,"href":"https:\/\/blog.polityka.pl\/adamczewski\/wp-json\/wp\/v2\/categories?post=8383"},{"taxonomy":"post_tag","embeddable":true,"href":"https:\/\/blog.polityka.pl\/adamczewski\/wp-json\/wp\/v2\/tags?post=8383"}],"curies":[{"name":"wp","href":"https:\/\/api.w.org\/{rel}","templated":true}]}}