
{"id":8384,"date":"2008-01-01T15:58:00","date_gmt":"2008-01-01T15:58:00","guid":{"rendered":"http:\/\/adamczewscy.nowy-swiat.pl\/?p=326"},"modified":"2008-01-01T15:58:00","modified_gmt":"2008-01-01T15:58:00","slug":"zupa-pieczarkowa-kremowa","status":"publish","type":"post","link":"https:\/\/blog.polityka.pl\/adamczewski\/2008\/01\/01\/zupa-pieczarkowa-kremowa\/","title":{"rendered":"Zupa pieczarkowa kremowa"},"content":{"rendered":"<p>(4 porcje)<\/p>\n<p>20 dag pieczarek, 2 du\u017ce cebule, \u0142y\u017cka mas\u0142a, \u0142y\u017cka m\u0105ki, s\u00f3l, pieprz, szklanka \u015bmietany<\/p>\n<p>1. Pieczarki umy\u0107, osuszy\u0107 i posieka\u0107.<br \/>\n2. Mas\u0142o rozpu\u015bci\u0107, doda\u0107 posiekane pieczarki i dusi\u0107, stale mieszaj\u0105c, aby si\u0119 nie zrumieni\u0142y.<br \/>\n3. Do pieczarek doda\u0107 pokrojon\u0105 w kr\u0105\u017cki cebul\u0119 i dalej dusi\u0107, a\u017c wszystko zmi\u0119knie, w razie potrzeby dodaj\u0105c \u0142y\u017ck\u0119 wody.<br \/>\n4. Posypa\u0107 pieczarki i cebul\u0119 m\u0105k\u0105 i lekko podsma\u017cy\u0107.<br \/>\n5. Pieczarki z cebul\u0105 ostudzi\u0107, zmiksowa\u0107, doda\u0107 3 szklanki wody, s\u00f3l<br \/>\ni pieprz. Zagotowa\u0107.<br \/>\n6. Do gor\u0105cej zupy doda\u0107 \u015bmietan\u0119 i doprowadzi\u0107 do wrzenia.<\/p>\n<p>Podawa\u0107 z grzankami lub makaronem.<\/p>\n","protected":false},"excerpt":{"rendered":"<p>(4 porcje) 20 dag pieczarek, 2 du\u017ce cebule, \u0142y\u017cka mas\u0142a, \u0142y\u017cka m\u0105ki, s\u00f3l, pieprz, szklanka \u015bmietany 1. Pieczarki umy\u0107, osuszy\u0107 i posieka\u0107. 2. Mas\u0142o rozpu\u015bci\u0107, doda\u0107 posiekane pieczarki i dusi\u0107, stale mieszaj\u0105c, aby si\u0119 nie zrumieni\u0142y. 3. Do pieczarek doda\u0107 pokrojon\u0105 w kr\u0105\u017cki cebul\u0119 i dalej dusi\u0107, a\u017c wszystko zmi\u0119knie, w razie potrzeby dodaj\u0105c \u0142y\u017ck\u0119 [&hellip;]<\/p>\n","protected":false},"author":2,"featured_media":0,"comment_status":"open","ping_status":"open","sticky":false,"template":"","format":"standard","meta":{"footnotes":""},"categories":[1],"tags":[],"_links":{"self":[{"href":"https:\/\/blog.polityka.pl\/adamczewski\/wp-json\/wp\/v2\/posts\/8384"}],"collection":[{"href":"https:\/\/blog.polityka.pl\/adamczewski\/wp-json\/wp\/v2\/posts"}],"about":[{"href":"https:\/\/blog.polityka.pl\/adamczewski\/wp-json\/wp\/v2\/types\/post"}],"author":[{"embeddable":true,"href":"https:\/\/blog.polityka.pl\/adamczewski\/wp-json\/wp\/v2\/users\/2"}],"replies":[{"embeddable":true,"href":"https:\/\/blog.polityka.pl\/adamczewski\/wp-json\/wp\/v2\/comments?post=8384"}],"version-history":[{"count":0,"href":"https:\/\/blog.polityka.pl\/adamczewski\/wp-json\/wp\/v2\/posts\/8384\/revisions"}],"wp:attachment":[{"href":"https:\/\/blog.polityka.pl\/adamczewski\/wp-json\/wp\/v2\/media?parent=8384"}],"wp:term":[{"taxonomy":"category","embeddable":true,"href":"https:\/\/blog.polityka.pl\/adamczewski\/wp-json\/wp\/v2\/categories?post=8384"},{"taxonomy":"post_tag","embeddable":true,"href":"https:\/\/blog.polityka.pl\/adamczewski\/wp-json\/wp\/v2\/tags?post=8384"}],"curies":[{"name":"wp","href":"https:\/\/api.w.org\/{rel}","templated":true}]}}