
{"id":8385,"date":"2008-01-01T15:58:00","date_gmt":"2008-01-01T15:58:00","guid":{"rendered":"http:\/\/adamczewscy.nowy-swiat.pl\/?p=327"},"modified":"2008-01-01T15:58:00","modified_gmt":"2008-01-01T15:58:00","slug":"zupa-pomidorowa-i","status":"publish","type":"post","link":"https:\/\/blog.polityka.pl\/adamczewski\/2008\/01\/01\/zupa-pomidorowa-i\/","title":{"rendered":"Zupa pomidorowa I"},"content":{"rendered":"<p>(4 porcje)<\/p>\n<p>2 szklanki rzadkiego przecieru pomidorowego, 2 szklanki wody, szklanka \u015bmietany, szklanka wina (najlepiej wytrawnego bia\u0142ego), kawa\u0142ek laski cynamonu, 1\/2 \u0142y\u017ceczki startej sk\u00f3rki cytrynowej<\/p>\n<p>1. Po\u0142\u0105czy\u0107 przecier z wod\u0105, doda\u0107 cynamon i cytrynow\u0105 sk\u00f3rk\u0119. Zagotowa\u0107. Doprawi\u0107 sol\u0105.<br \/>\n2. Do zagotowanej zupy doda\u0107 wino i \u015bmietan\u0119, doprowadzi\u0107 do wrzenia, ale nie gotowa\u0107.<\/p>\n<p>Podawa\u0107 z grzankami z bu\u0142ki.<\/p>\n","protected":false},"excerpt":{"rendered":"<p>(4 porcje) 2 szklanki rzadkiego przecieru pomidorowego, 2 szklanki wody, szklanka \u015bmietany, szklanka wina (najlepiej wytrawnego bia\u0142ego), kawa\u0142ek laski cynamonu, 1\/2 \u0142y\u017ceczki startej sk\u00f3rki cytrynowej 1. Po\u0142\u0105czy\u0107 przecier z wod\u0105, doda\u0107 cynamon i cytrynow\u0105 sk\u00f3rk\u0119. Zagotowa\u0107. Doprawi\u0107 sol\u0105. 2. Do zagotowanej zupy doda\u0107 wino i \u015bmietan\u0119, doprowadzi\u0107 do wrzenia, ale nie gotowa\u0107. Podawa\u0107 z grzankami [&hellip;]<\/p>\n","protected":false},"author":2,"featured_media":0,"comment_status":"open","ping_status":"open","sticky":false,"template":"","format":"standard","meta":{"footnotes":""},"categories":[1],"tags":[],"_links":{"self":[{"href":"https:\/\/blog.polityka.pl\/adamczewski\/wp-json\/wp\/v2\/posts\/8385"}],"collection":[{"href":"https:\/\/blog.polityka.pl\/adamczewski\/wp-json\/wp\/v2\/posts"}],"about":[{"href":"https:\/\/blog.polityka.pl\/adamczewski\/wp-json\/wp\/v2\/types\/post"}],"author":[{"embeddable":true,"href":"https:\/\/blog.polityka.pl\/adamczewski\/wp-json\/wp\/v2\/users\/2"}],"replies":[{"embeddable":true,"href":"https:\/\/blog.polityka.pl\/adamczewski\/wp-json\/wp\/v2\/comments?post=8385"}],"version-history":[{"count":0,"href":"https:\/\/blog.polityka.pl\/adamczewski\/wp-json\/wp\/v2\/posts\/8385\/revisions"}],"wp:attachment":[{"href":"https:\/\/blog.polityka.pl\/adamczewski\/wp-json\/wp\/v2\/media?parent=8385"}],"wp:term":[{"taxonomy":"category","embeddable":true,"href":"https:\/\/blog.polityka.pl\/adamczewski\/wp-json\/wp\/v2\/categories?post=8385"},{"taxonomy":"post_tag","embeddable":true,"href":"https:\/\/blog.polityka.pl\/adamczewski\/wp-json\/wp\/v2\/tags?post=8385"}],"curies":[{"name":"wp","href":"https:\/\/api.w.org\/{rel}","templated":true}]}}