
{"id":8394,"date":"2008-01-01T15:58:00","date_gmt":"2008-01-01T15:58:00","guid":{"rendered":"http:\/\/adamczewscy.nowy-swiat.pl\/?p=336"},"modified":"2008-01-01T15:58:00","modified_gmt":"2008-01-01T15:58:00","slug":"polewka-piwna","status":"publish","type":"post","link":"https:\/\/blog.polityka.pl\/adamczewski\/2008\/01\/01\/polewka-piwna\/","title":{"rendered":"Polewka piwna"},"content":{"rendered":"<p>(6 porcji)<\/p>\n<p>6 szklanek jasnego piwa, 2 go\u009fdziki, kawa\u0142ek laski cynamonu lub szczypta mielonego, 3\/4 szklanki \u015bmietany, 2 \u017c\u00f3\u0142tka, 20 dag do\u015b\u0107 twardego bia\u0142ego twarogu<\/p>\n<p>1. Zagotowa\u0107 piwo z cynamonem i go\u009fdzikami.<br \/>\n2. \u015amietan\u0119 wymiesza\u0107 z \u017c\u00f3\u0142tkami.<br \/>\n3. Po\u0142\u0105czy\u0107 doprowadzone do wrzenia piwo ze \u015bmietan\u0105, dok\u0142adnie wymiesza\u0107.<br \/>\n4. Twar\u00f3g pokroi\u0107 w drobn\u0105 kostk\u0119 i doda\u0107 do polewki.<\/p>\n<p>Polewk\u0119 piwn\u0105 podaje si\u0119 tradycyjnie z grzankami z bu\u0142ki, najpierw podsuszonymi na patelni, a na koniec wymieszanymi z \u0142y\u017ceczk\u0105 mas\u0142a.<\/p>\n","protected":false},"excerpt":{"rendered":"<p>(6 porcji) 6 szklanek jasnego piwa, 2 go\u009fdziki, kawa\u0142ek laski cynamonu lub szczypta mielonego, 3\/4 szklanki \u015bmietany, 2 \u017c\u00f3\u0142tka, 20 dag do\u015b\u0107 twardego bia\u0142ego twarogu 1. Zagotowa\u0107 piwo z cynamonem i go\u009fdzikami. 2. \u015amietan\u0119 wymiesza\u0107 z \u017c\u00f3\u0142tkami. 3. Po\u0142\u0105czy\u0107 doprowadzone do wrzenia piwo ze \u015bmietan\u0105, dok\u0142adnie wymiesza\u0107. 4. Twar\u00f3g pokroi\u0107 w drobn\u0105 kostk\u0119 i doda\u0107 [&hellip;]<\/p>\n","protected":false},"author":2,"featured_media":0,"comment_status":"open","ping_status":"open","sticky":false,"template":"","format":"standard","meta":{"footnotes":""},"categories":[1],"tags":[],"_links":{"self":[{"href":"https:\/\/blog.polityka.pl\/adamczewski\/wp-json\/wp\/v2\/posts\/8394"}],"collection":[{"href":"https:\/\/blog.polityka.pl\/adamczewski\/wp-json\/wp\/v2\/posts"}],"about":[{"href":"https:\/\/blog.polityka.pl\/adamczewski\/wp-json\/wp\/v2\/types\/post"}],"author":[{"embeddable":true,"href":"https:\/\/blog.polityka.pl\/adamczewski\/wp-json\/wp\/v2\/users\/2"}],"replies":[{"embeddable":true,"href":"https:\/\/blog.polityka.pl\/adamczewski\/wp-json\/wp\/v2\/comments?post=8394"}],"version-history":[{"count":0,"href":"https:\/\/blog.polityka.pl\/adamczewski\/wp-json\/wp\/v2\/posts\/8394\/revisions"}],"wp:attachment":[{"href":"https:\/\/blog.polityka.pl\/adamczewski\/wp-json\/wp\/v2\/media?parent=8394"}],"wp:term":[{"taxonomy":"category","embeddable":true,"href":"https:\/\/blog.polityka.pl\/adamczewski\/wp-json\/wp\/v2\/categories?post=8394"},{"taxonomy":"post_tag","embeddable":true,"href":"https:\/\/blog.polityka.pl\/adamczewski\/wp-json\/wp\/v2\/tags?post=8394"}],"curies":[{"name":"wp","href":"https:\/\/api.w.org\/{rel}","templated":true}]}}