
{"id":8397,"date":"2008-01-01T15:58:00","date_gmt":"2008-01-01T15:58:00","guid":{"rendered":"http:\/\/adamczewscy.nowy-swiat.pl\/?p=339"},"modified":"2008-01-01T15:58:00","modified_gmt":"2008-01-01T15:58:00","slug":"zupa-na-suchy-post","status":"publish","type":"post","link":"https:\/\/blog.polityka.pl\/adamczewski\/2008\/01\/01\/zupa-na-suchy-post\/","title":{"rendered":"Zupa na suchy post"},"content":{"rendered":"<p>(6 porcji)<\/p>\n<p>10 dag dobrych suszonych \u015bliwek bez pestek, kawa\u0142eczek laski cynamonu, 4 suszone grzyby (ok. 3-4 dag), \u0142y\u017cka m\u0105ki, s\u00f3l i cukier do smaku, po \u0142y\u017cce na osob\u0119 gotowych suszonych zacierek<\/p>\n<p>1. \u015aliwki zala\u0107 szklank\u0105 wody i ugotowa\u0107 do zupe\u0142nej mi\u0119kko\u015bci. Lekko ostudzi\u0107. Zmiksowa\u0107.<br \/>\n2. Grzyby suszone umy\u0107, zala\u0107 2 szklankami wody, ugotowa\u0107 do mi\u0119kko\u015bci, po czym posieka\u0107 i zmiksowa\u0107 lub tylko drobno posieka\u0107. Na grzybowym wywarze ugotowa\u0107 zacierki.<br \/>\n3. Po\u0142\u0105czy\u0107 wywar \u015bliwkowy z grzybowym i z ugotowanymi zacierkami, posoli\u0107 i pos\u0142odzi\u0107 do smaku.<\/p>\n<p>Ta zupa o niezwykle oryginalnym smaku podawana by\u0142a w dni szczeg\u00f3lnie rygorystycznego, tak zwanego suchego postu, w Wielki Pi\u0105tek, w dzie\u0144 Wigilii lub Popielca.<\/p>\n","protected":false},"excerpt":{"rendered":"<p>(6 porcji) 10 dag dobrych suszonych \u015bliwek bez pestek, kawa\u0142eczek laski cynamonu, 4 suszone grzyby (ok. 3-4 dag), \u0142y\u017cka m\u0105ki, s\u00f3l i cukier do smaku, po \u0142y\u017cce na osob\u0119 gotowych suszonych zacierek 1. \u015aliwki zala\u0107 szklank\u0105 wody i ugotowa\u0107 do zupe\u0142nej mi\u0119kko\u015bci. Lekko ostudzi\u0107. Zmiksowa\u0107. 2. Grzyby suszone umy\u0107, zala\u0107 2 szklankami wody, ugotowa\u0107 do [&hellip;]<\/p>\n","protected":false},"author":2,"featured_media":0,"comment_status":"open","ping_status":"open","sticky":false,"template":"","format":"standard","meta":{"footnotes":""},"categories":[1],"tags":[],"_links":{"self":[{"href":"https:\/\/blog.polityka.pl\/adamczewski\/wp-json\/wp\/v2\/posts\/8397"}],"collection":[{"href":"https:\/\/blog.polityka.pl\/adamczewski\/wp-json\/wp\/v2\/posts"}],"about":[{"href":"https:\/\/blog.polityka.pl\/adamczewski\/wp-json\/wp\/v2\/types\/post"}],"author":[{"embeddable":true,"href":"https:\/\/blog.polityka.pl\/adamczewski\/wp-json\/wp\/v2\/users\/2"}],"replies":[{"embeddable":true,"href":"https:\/\/blog.polityka.pl\/adamczewski\/wp-json\/wp\/v2\/comments?post=8397"}],"version-history":[{"count":0,"href":"https:\/\/blog.polityka.pl\/adamczewski\/wp-json\/wp\/v2\/posts\/8397\/revisions"}],"wp:attachment":[{"href":"https:\/\/blog.polityka.pl\/adamczewski\/wp-json\/wp\/v2\/media?parent=8397"}],"wp:term":[{"taxonomy":"category","embeddable":true,"href":"https:\/\/blog.polityka.pl\/adamczewski\/wp-json\/wp\/v2\/categories?post=8397"},{"taxonomy":"post_tag","embeddable":true,"href":"https:\/\/blog.polityka.pl\/adamczewski\/wp-json\/wp\/v2\/tags?post=8397"}],"curies":[{"name":"wp","href":"https:\/\/api.w.org\/{rel}","templated":true}]}}