
{"id":8399,"date":"2008-01-01T15:58:00","date_gmt":"2008-01-01T15:58:00","guid":{"rendered":"http:\/\/adamczewscy.nowy-swiat.pl\/?p=341"},"modified":"2008-01-01T15:58:00","modified_gmt":"2008-01-01T15:58:00","slug":"zur-postny-na-mleku","status":"publish","type":"post","link":"https:\/\/blog.polityka.pl\/adamczewski\/2008\/01\/01\/zur-postny-na-mleku\/","title":{"rendered":"\u017bur postny na mleku"},"content":{"rendered":"<p>(6 porcji)<\/p>\n<p>1\/2 litra \u017curku, szklanka wody, \u0142y\u017cka m\u0105ki, 2 szklanki mleka, szklanka \u015bmietany18%, s\u00f3l, z\u0105bek czosnku<\/p>\n<p>1. Zagotowa\u0107 szklank\u0119 wody, doda\u0107 \u017curek, zagotowa\u0107 ponownie.<br \/>\n2. Doda\u0107 mleko i z\u0105bek czosnku, zagotowa\u0107.<br \/>\n3. \u015amietan\u0119 wymiesza\u0107 z m\u0105k\u0105, po\u0142\u0105czy\u0107 z zup\u0105 i jeszcze raz zagotowa\u0107, doprawiaj\u0105c do smaku sol\u0105.<\/p>\n<p>Ten sam \u017curek mo\u017cna podawa\u0107 w wersji postnej z ziemniakami okraszonymi rumian\u0105 tart\u0105 bu\u0142k\u0105 z mas\u0142em lub w wersji nie postnej ze skwarkami.<\/p>\n","protected":false},"excerpt":{"rendered":"<p>(6 porcji) 1\/2 litra \u017curku, szklanka wody, \u0142y\u017cka m\u0105ki, 2 szklanki mleka, szklanka \u015bmietany18%, s\u00f3l, z\u0105bek czosnku 1. Zagotowa\u0107 szklank\u0119 wody, doda\u0107 \u017curek, zagotowa\u0107 ponownie. 2. Doda\u0107 mleko i z\u0105bek czosnku, zagotowa\u0107. 3. \u015amietan\u0119 wymiesza\u0107 z m\u0105k\u0105, po\u0142\u0105czy\u0107 z zup\u0105 i jeszcze raz zagotowa\u0107, doprawiaj\u0105c do smaku sol\u0105. Ten sam \u017curek mo\u017cna podawa\u0107 w wersji [&hellip;]<\/p>\n","protected":false},"author":2,"featured_media":0,"comment_status":"open","ping_status":"open","sticky":false,"template":"","format":"standard","meta":{"footnotes":""},"categories":[1],"tags":[],"_links":{"self":[{"href":"https:\/\/blog.polityka.pl\/adamczewski\/wp-json\/wp\/v2\/posts\/8399"}],"collection":[{"href":"https:\/\/blog.polityka.pl\/adamczewski\/wp-json\/wp\/v2\/posts"}],"about":[{"href":"https:\/\/blog.polityka.pl\/adamczewski\/wp-json\/wp\/v2\/types\/post"}],"author":[{"embeddable":true,"href":"https:\/\/blog.polityka.pl\/adamczewski\/wp-json\/wp\/v2\/users\/2"}],"replies":[{"embeddable":true,"href":"https:\/\/blog.polityka.pl\/adamczewski\/wp-json\/wp\/v2\/comments?post=8399"}],"version-history":[{"count":0,"href":"https:\/\/blog.polityka.pl\/adamczewski\/wp-json\/wp\/v2\/posts\/8399\/revisions"}],"wp:attachment":[{"href":"https:\/\/blog.polityka.pl\/adamczewski\/wp-json\/wp\/v2\/media?parent=8399"}],"wp:term":[{"taxonomy":"category","embeddable":true,"href":"https:\/\/blog.polityka.pl\/adamczewski\/wp-json\/wp\/v2\/categories?post=8399"},{"taxonomy":"post_tag","embeddable":true,"href":"https:\/\/blog.polityka.pl\/adamczewski\/wp-json\/wp\/v2\/tags?post=8399"}],"curies":[{"name":"wp","href":"https:\/\/api.w.org\/{rel}","templated":true}]}}