
{"id":8407,"date":"2008-01-01T15:58:00","date_gmt":"2008-01-01T15:58:00","guid":{"rendered":"http:\/\/adamczewscy.nowy-swiat.pl\/?p=349"},"modified":"2008-01-01T15:58:00","modified_gmt":"2008-01-01T15:58:00","slug":"kasza-gryczana-z-suszonymi-grzybami","status":"publish","type":"post","link":"https:\/\/blog.polityka.pl\/adamczewski\/2008\/01\/01\/kasza-gryczana-z-suszonymi-grzybami\/","title":{"rendered":"Kasza gryczana z suszonymi grzybami"},"content":{"rendered":"<p>(6 porcji)<\/p>\n<p>40 dag kaszy gryczanej palonej, 3 dag suszonych borowik\u00f3w, 5 \u0142y\u017cek mas\u0142a, \u0142y\u017ceczka otartego majeranku, s\u00f3l, \u015bwie\u017co mielony pieprz<\/p>\n<p>1. Grzyby umy\u0107, zala\u0107 4 szklankami wody, odstawi\u0107 na godzin\u0119, po czym ugotowa\u0107 do mi\u0119kko\u015bci. Ostudzi\u0107. Wyj\u0105\u0107 z wywaru grzyby, pokroi\u0107 na drobne kawa\u0142ki.<br \/>\n2. W garnku rozpu\u015bci\u0107 mas\u0142o, wsypa\u0107 such\u0105 kasz\u0119 i mieszaj\u0105c doprowadzi\u0107 do tego, aby wch\u0142on\u0119\u0142a ca\u0142y t\u0142uszcz.<br \/>\n3. Do garnka wla\u0107 wywar grzybowy i posoli\u0107. Gotowa\u0107, a\u017c kasza wch\u0142onie z kolei ca\u0142y p\u0142yn.<br \/>\n4. Doda\u0107 do kaszy s\u00f3l, pokrojone grzyby, majeranek i pieprz, dok\u0142adnie wymiesza\u0107 i prze\u0142o\u017cy\u0107 do naczynia do zapiekania.<br \/>\n5. Pod przykryciem zapieka\u0107 kasz\u0119 oko\u0142o 40-50 minut.<\/p>\n<p>Tak przyrz\u0105dzona kasza jest doskona\u0142ym dodatkiem do postnych da\u0144 z jaj lub do gotowanych warzyw, takich jak kalafior, brukselka czy w\u0142oska kapusta z dodatkiem zrumienionej tartej bu\u0142ki.<\/p>\n","protected":false},"excerpt":{"rendered":"<p>(6 porcji) 40 dag kaszy gryczanej palonej, 3 dag suszonych borowik\u00f3w, 5 \u0142y\u017cek mas\u0142a, \u0142y\u017ceczka otartego majeranku, s\u00f3l, \u015bwie\u017co mielony pieprz 1. Grzyby umy\u0107, zala\u0107 4 szklankami wody, odstawi\u0107 na godzin\u0119, po czym ugotowa\u0107 do mi\u0119kko\u015bci. Ostudzi\u0107. Wyj\u0105\u0107 z wywaru grzyby, pokroi\u0107 na drobne kawa\u0142ki. 2. W garnku rozpu\u015bci\u0107 mas\u0142o, wsypa\u0107 such\u0105 kasz\u0119 i mieszaj\u0105c [&hellip;]<\/p>\n","protected":false},"author":2,"featured_media":0,"comment_status":"open","ping_status":"open","sticky":false,"template":"","format":"standard","meta":{"footnotes":""},"categories":[1],"tags":[],"_links":{"self":[{"href":"https:\/\/blog.polityka.pl\/adamczewski\/wp-json\/wp\/v2\/posts\/8407"}],"collection":[{"href":"https:\/\/blog.polityka.pl\/adamczewski\/wp-json\/wp\/v2\/posts"}],"about":[{"href":"https:\/\/blog.polityka.pl\/adamczewski\/wp-json\/wp\/v2\/types\/post"}],"author":[{"embeddable":true,"href":"https:\/\/blog.polityka.pl\/adamczewski\/wp-json\/wp\/v2\/users\/2"}],"replies":[{"embeddable":true,"href":"https:\/\/blog.polityka.pl\/adamczewski\/wp-json\/wp\/v2\/comments?post=8407"}],"version-history":[{"count":0,"href":"https:\/\/blog.polityka.pl\/adamczewski\/wp-json\/wp\/v2\/posts\/8407\/revisions"}],"wp:attachment":[{"href":"https:\/\/blog.polityka.pl\/adamczewski\/wp-json\/wp\/v2\/media?parent=8407"}],"wp:term":[{"taxonomy":"category","embeddable":true,"href":"https:\/\/blog.polityka.pl\/adamczewski\/wp-json\/wp\/v2\/categories?post=8407"},{"taxonomy":"post_tag","embeddable":true,"href":"https:\/\/blog.polityka.pl\/adamczewski\/wp-json\/wp\/v2\/tags?post=8407"}],"curies":[{"name":"wp","href":"https:\/\/api.w.org\/{rel}","templated":true}]}}