
{"id":8408,"date":"2008-01-01T15:58:00","date_gmt":"2008-01-01T15:58:00","guid":{"rendered":"http:\/\/adamczewscy.nowy-swiat.pl\/?p=350"},"modified":"2008-01-01T15:58:00","modified_gmt":"2008-01-01T15:58:00","slug":"kasza-jaglana-zapiekana-z-farszem-z-bialego-sera","status":"publish","type":"post","link":"https:\/\/blog.polityka.pl\/adamczewski\/2008\/01\/01\/kasza-jaglana-zapiekana-z-farszem-z-bialego-sera\/","title":{"rendered":"Kasza jaglana zapiekana z farszem z bia\u0142ego sera"},"content":{"rendered":"<p>(4-6 porcji)<\/p>\n<p>40 dag kaszy jaglanej, 40 dag mi\u0119kkiego bia\u0142ego sera, 2 \u017c\u00f3\u0142tka, 3\/4 szklanki \u015bmietany 12 lub 18%, jajko, \u0142y\u017cka mas\u0142a, 1\/2 \u0142y\u017cki cukru pudru, s\u00f3l, pieprz, \u0142y\u017cka mas\u0142a do wysmarowania naczynia do zapiekania<\/p>\n<p>1. Kasz\u0119 wsypa\u0107 do garnka, zala\u0107 wrz\u0105c\u0105 wod\u0105, chwil\u0119 odczeka\u0107 i przela\u0107 na sito.<br \/>\n2. Odcedzon\u0105 kasz\u0119 w\u0142o\u017cy\u0107 do garnka, doda\u0107 4 szklanki wody, zagotowa\u0107, doda\u0107 mas\u0142o, wymiesza\u0107 i ugotowa\u0107.<br \/>\n3. Bia\u0142y ser rozgnie\u015b\u0107 dok\u0142adnie widelcem, wymiesza\u0107 z sol\u0105, pieprzem do smaku i 2 \u017c\u00f3\u0142tkami.<br \/>\n4. Wysmarowa\u0107 mas\u0142em p\u0142ytkie naczynie do zapiekania, wy\u0142o\u017cy\u0107 po\u0142ow\u0119 ugotowanej kaszy, na niej u\u0142o\u017cy\u0107 warstw\u0119 przyprawionego sera, po czym nakry\u0107 warstw\u0105 pozosta\u0142ej kaszy.<br \/>\n5. Wymiesza\u0107 \u015bmietan\u0119 z sol\u0105, pieprzem i jajkiem. \u015amietan\u0119 wyla\u0107 na wierzch zapiekanki.<br \/>\n6. Zapieka\u0107 30 minut w temperaturze 180\u00b0C.<br \/>\nKasza jaglana wraca zdecydowanie do \u0142ask: coraz cz\u0119\u015bciej mo\u017cna j\u0105 kupi\u0107 w sklepach spo\u017cywczych. Dobrze przyrz\u0105dzona jest istnym przysmakiem, echem starej polskiej kuchni w najszlachetniejszej postaci.<\/p>\n","protected":false},"excerpt":{"rendered":"<p>(4-6 porcji) 40 dag kaszy jaglanej, 40 dag mi\u0119kkiego bia\u0142ego sera, 2 \u017c\u00f3\u0142tka, 3\/4 szklanki \u015bmietany 12 lub 18%, jajko, \u0142y\u017cka mas\u0142a, 1\/2 \u0142y\u017cki cukru pudru, s\u00f3l, pieprz, \u0142y\u017cka mas\u0142a do wysmarowania naczynia do zapiekania 1. Kasz\u0119 wsypa\u0107 do garnka, zala\u0107 wrz\u0105c\u0105 wod\u0105, chwil\u0119 odczeka\u0107 i przela\u0107 na sito. 2. Odcedzon\u0105 kasz\u0119 w\u0142o\u017cy\u0107 do garnka, [&hellip;]<\/p>\n","protected":false},"author":2,"featured_media":0,"comment_status":"open","ping_status":"open","sticky":false,"template":"","format":"standard","meta":{"footnotes":""},"categories":[1],"tags":[],"_links":{"self":[{"href":"https:\/\/blog.polityka.pl\/adamczewski\/wp-json\/wp\/v2\/posts\/8408"}],"collection":[{"href":"https:\/\/blog.polityka.pl\/adamczewski\/wp-json\/wp\/v2\/posts"}],"about":[{"href":"https:\/\/blog.polityka.pl\/adamczewski\/wp-json\/wp\/v2\/types\/post"}],"author":[{"embeddable":true,"href":"https:\/\/blog.polityka.pl\/adamczewski\/wp-json\/wp\/v2\/users\/2"}],"replies":[{"embeddable":true,"href":"https:\/\/blog.polityka.pl\/adamczewski\/wp-json\/wp\/v2\/comments?post=8408"}],"version-history":[{"count":0,"href":"https:\/\/blog.polityka.pl\/adamczewski\/wp-json\/wp\/v2\/posts\/8408\/revisions"}],"wp:attachment":[{"href":"https:\/\/blog.polityka.pl\/adamczewski\/wp-json\/wp\/v2\/media?parent=8408"}],"wp:term":[{"taxonomy":"category","embeddable":true,"href":"https:\/\/blog.polityka.pl\/adamczewski\/wp-json\/wp\/v2\/categories?post=8408"},{"taxonomy":"post_tag","embeddable":true,"href":"https:\/\/blog.polityka.pl\/adamczewski\/wp-json\/wp\/v2\/tags?post=8408"}],"curies":[{"name":"wp","href":"https:\/\/api.w.org\/{rel}","templated":true}]}}