
{"id":8410,"date":"2008-01-01T15:58:00","date_gmt":"2008-01-01T15:58:00","guid":{"rendered":"http:\/\/adamczewscy.nowy-swiat.pl\/?p=352"},"modified":"2008-01-01T15:58:00","modified_gmt":"2008-01-01T15:58:00","slug":"jaglany-budyn","status":"publish","type":"post","link":"https:\/\/blog.polityka.pl\/adamczewski\/2008\/01\/01\/jaglany-budyn\/","title":{"rendered":"Jaglany budy\u0144"},"content":{"rendered":"<p>(6 porcji)<\/p>\n<p>szklanka kaszy jaglanej, szklanka mleka, 7 jajek, 4 1\/2 \u0142y\u017cki mas\u0142a, s\u00f3l, \u0142y\u017cka posiekanego kopru, \u0142y\u017cka tartej bu\u0142ki<\/p>\n<p>1. Kasz\u0119 sparzy\u0107 w garnku wrz\u0105c\u0105 wod\u0105, odcedzi\u0107 na sicie, zala\u0107 szklank\u0105 mleka i szklank\u0105 wody, doda\u0107 odrobin\u0119 soli oraz \u0142y\u017ck\u0119 mas\u0142a i ugotowa\u0107. Kiedy b\u0119dzie mi\u0119kka, odstawi\u0107 j\u0105 do ostudzenia.<br \/>\n2. Trzy \u0142y\u017cki mas\u0142a uciera\u0107, dodaj\u0105c po jednym \u017c\u00f3\u0142tka. Doda\u0107 wystudzon\u0105 kasz\u0119 oraz koperek i dobrze wymiesza\u0107.<br \/>\n3. Ubi\u0107 sztywn\u0105 pian\u0119 z bia\u0142ek i doda\u0107, ostro\u017cnie mieszaj\u0105c, do kaszy.<br \/>\n4. Du\u017c\u0105 form\u0119 budyniow\u0105 wysmarowa\u0107 1\/2 \u0142y\u017cki mas\u0142a, wysypa\u0107 tart\u0105 bu\u0142k\u0105 i wy\u0142o\u017cy\u0107 do niej mas\u0119 budyniow\u0105. Starannie zamkn\u0105\u0107 i gotowa\u0107 oko\u0142o godziny we wrz\u0105cej wodzie.<\/p>\n<p>Budy\u0144 mo\u017cna tak\u017ce zapiec w piekarniku &#8211; w\u00f3wczas trwa to oko\u0142o<br \/>\n30 minut. Budynie gotowane s\u0105 jednak bardziej wilgotne, zachowuj\u0105 wi\u0119cej lekko\u015bci.<br \/>\nPodawa\u0107 z sosem, na przyk\u0142ad og\u00f3rkowym lub grzybowym.<\/p>\n","protected":false},"excerpt":{"rendered":"<p>(6 porcji) szklanka kaszy jaglanej, szklanka mleka, 7 jajek, 4 1\/2 \u0142y\u017cki mas\u0142a, s\u00f3l, \u0142y\u017cka posiekanego kopru, \u0142y\u017cka tartej bu\u0142ki 1. Kasz\u0119 sparzy\u0107 w garnku wrz\u0105c\u0105 wod\u0105, odcedzi\u0107 na sicie, zala\u0107 szklank\u0105 mleka i szklank\u0105 wody, doda\u0107 odrobin\u0119 soli oraz \u0142y\u017ck\u0119 mas\u0142a i ugotowa\u0107. Kiedy b\u0119dzie mi\u0119kka, odstawi\u0107 j\u0105 do ostudzenia. 2. Trzy \u0142y\u017cki mas\u0142a [&hellip;]<\/p>\n","protected":false},"author":2,"featured_media":0,"comment_status":"open","ping_status":"open","sticky":false,"template":"","format":"standard","meta":{"footnotes":""},"categories":[1],"tags":[],"_links":{"self":[{"href":"https:\/\/blog.polityka.pl\/adamczewski\/wp-json\/wp\/v2\/posts\/8410"}],"collection":[{"href":"https:\/\/blog.polityka.pl\/adamczewski\/wp-json\/wp\/v2\/posts"}],"about":[{"href":"https:\/\/blog.polityka.pl\/adamczewski\/wp-json\/wp\/v2\/types\/post"}],"author":[{"embeddable":true,"href":"https:\/\/blog.polityka.pl\/adamczewski\/wp-json\/wp\/v2\/users\/2"}],"replies":[{"embeddable":true,"href":"https:\/\/blog.polityka.pl\/adamczewski\/wp-json\/wp\/v2\/comments?post=8410"}],"version-history":[{"count":0,"href":"https:\/\/blog.polityka.pl\/adamczewski\/wp-json\/wp\/v2\/posts\/8410\/revisions"}],"wp:attachment":[{"href":"https:\/\/blog.polityka.pl\/adamczewski\/wp-json\/wp\/v2\/media?parent=8410"}],"wp:term":[{"taxonomy":"category","embeddable":true,"href":"https:\/\/blog.polityka.pl\/adamczewski\/wp-json\/wp\/v2\/categories?post=8410"},{"taxonomy":"post_tag","embeddable":true,"href":"https:\/\/blog.polityka.pl\/adamczewski\/wp-json\/wp\/v2\/tags?post=8410"}],"curies":[{"name":"wp","href":"https:\/\/api.w.org\/{rel}","templated":true}]}}