
{"id":8414,"date":"2008-01-01T15:58:00","date_gmt":"2008-01-01T15:58:00","guid":{"rendered":"http:\/\/adamczewscy.nowy-swiat.pl\/?p=356"},"modified":"2008-01-01T15:58:00","modified_gmt":"2008-01-01T15:58:00","slug":"kluski-polfrancuskie-zapiekane-w-sosie","status":"publish","type":"post","link":"https:\/\/blog.polityka.pl\/adamczewski\/2008\/01\/01\/kluski-polfrancuskie-zapiekane-w-sosie\/","title":{"rendered":"Kluski p\u00f3\u0142francuskie zapiekane w sosie"},"content":{"rendered":"<p>(6 porcji)<\/p>\n<p>na kluski: 2 szklanki m\u0105ki, 4 jajka, 2 \u0142y\u017cki mas\u0142a, s\u00f3l<br \/>\nna sos: szklanka \u015bmietany 18%, szklanka \u015bmietanki 12%, 4 \u017c\u00f3\u0142tka, \u0142y\u017cka mas\u0142a do wysmarowania formy, 2 \u0142y\u017cki tartej bu\u0142ki do jej wysypania<\/p>\n<p>1. Utrze\u0107 mas\u0142o z ca\u0142ymi jajkami, doda\u0107 m\u0105k\u0119 i do\u015b\u0107 energicznie wyrabia\u0107 ciasto, aby ukaza\u0142y si\u0119 p\u0119cherzyki powietrza.<br \/>\n2. Zagotowa\u0107 w du\u017cym garnku co najmniej 4 litry wody, posoli\u0107. Nabiera\u0107 \u0142y\u017ck\u0105 ciasto i wk\u0142ada\u0107 je do wody. Gotowa\u0107 3 minuty od momentu, kiedy kluski wyp\u0142yn\u0105 na powierzchni\u0119. Odcedzi\u0107 na durszlaku.<br \/>\n3. Wysmarowa\u0107 mas\u0142em naczynie do zapiekania, wy\u0142o\u017cy\u0107 kluski.<br \/>\n4. Za pomoc\u0105 widelca lub r\u0119cznego miksera wymiesza\u0107 \u015bmietan\u0119 z \u017c\u00f3\u0142tkami. Doprawi\u0107 sos pieprzem i sol\u0105, pola\u0107 nim kluski.<br \/>\n5. Zapieka\u0107 35-40 minut w temperaturze 180\u00b0C.<\/p>\n<p>To bardzo po\u017cywne danie obiadowe, kt\u00f3re mo\u017cna jeszcze wzbogaci\u0107, posypuj\u0105c je po wierzchu startym \u017c\u00f3\u0142tym ostrym serem.<\/p>\n","protected":false},"excerpt":{"rendered":"<p>(6 porcji) na kluski: 2 szklanki m\u0105ki, 4 jajka, 2 \u0142y\u017cki mas\u0142a, s\u00f3l na sos: szklanka \u015bmietany 18%, szklanka \u015bmietanki 12%, 4 \u017c\u00f3\u0142tka, \u0142y\u017cka mas\u0142a do wysmarowania formy, 2 \u0142y\u017cki tartej bu\u0142ki do jej wysypania 1. Utrze\u0107 mas\u0142o z ca\u0142ymi jajkami, doda\u0107 m\u0105k\u0119 i do\u015b\u0107 energicznie wyrabia\u0107 ciasto, aby ukaza\u0142y si\u0119 p\u0119cherzyki powietrza. 2. Zagotowa\u0107 [&hellip;]<\/p>\n","protected":false},"author":2,"featured_media":0,"comment_status":"open","ping_status":"open","sticky":false,"template":"","format":"standard","meta":{"footnotes":""},"categories":[1],"tags":[],"_links":{"self":[{"href":"https:\/\/blog.polityka.pl\/adamczewski\/wp-json\/wp\/v2\/posts\/8414"}],"collection":[{"href":"https:\/\/blog.polityka.pl\/adamczewski\/wp-json\/wp\/v2\/posts"}],"about":[{"href":"https:\/\/blog.polityka.pl\/adamczewski\/wp-json\/wp\/v2\/types\/post"}],"author":[{"embeddable":true,"href":"https:\/\/blog.polityka.pl\/adamczewski\/wp-json\/wp\/v2\/users\/2"}],"replies":[{"embeddable":true,"href":"https:\/\/blog.polityka.pl\/adamczewski\/wp-json\/wp\/v2\/comments?post=8414"}],"version-history":[{"count":0,"href":"https:\/\/blog.polityka.pl\/adamczewski\/wp-json\/wp\/v2\/posts\/8414\/revisions"}],"wp:attachment":[{"href":"https:\/\/blog.polityka.pl\/adamczewski\/wp-json\/wp\/v2\/media?parent=8414"}],"wp:term":[{"taxonomy":"category","embeddable":true,"href":"https:\/\/blog.polityka.pl\/adamczewski\/wp-json\/wp\/v2\/categories?post=8414"},{"taxonomy":"post_tag","embeddable":true,"href":"https:\/\/blog.polityka.pl\/adamczewski\/wp-json\/wp\/v2\/tags?post=8414"}],"curies":[{"name":"wp","href":"https:\/\/api.w.org\/{rel}","templated":true}]}}