
{"id":8423,"date":"2008-01-01T15:58:00","date_gmt":"2008-01-01T15:58:00","guid":{"rendered":"http:\/\/adamczewscy.nowy-swiat.pl\/?p=365"},"modified":"2008-01-01T15:58:00","modified_gmt":"2008-01-01T15:58:00","slug":"farsze-do-nalesnikow-farsz-serowy","status":"publish","type":"post","link":"https:\/\/blog.polityka.pl\/adamczewski\/2008\/01\/01\/farsze-do-nalesnikow-farsz-serowy\/","title":{"rendered":"Farsze do nale\u015bnik\u00f3w; Farsz serowy"},"content":{"rendered":"<p>40 dag bia\u0142ego t\u0142ustego sera, 2 \u017c\u00f3\u0142tka, ok. 3 \u0142y\u017cek cukru pudru (do smaku), 2 \u0142y\u017cki rodzynek, cukier waniliowy lub kawa\u0142eczek laski wanilii, \u0142y\u017cka posiekanej sk\u00f3rki cytrynowej<\/p>\n<p>1. Ser zemle\u0107 w maszynce do mi\u0119sa.<br \/>\n2. \u017b\u00f3\u0142tka utrze\u0107 z 2 \u0142y\u017ckami cukru pudru.<br \/>\n3. Po\u0142\u0105czy\u0107 \u017c\u00f3\u0142tka z serem, dok\u0142adnie wymiesza\u0107, doda\u0107 cukier w takiej ilo\u015bci, aby ser by\u0142 wyra\u009fnie s\u0142odki, doda\u0107 tak\u017ce bakalie i posiekan\u0105 drobno wanili\u0119.<br \/>\n4. Farszem serowym smarowa\u0107 nale\u015bniki, sk\u0142ada\u0107 w chusteczk\u0119 i obsma\u017ca\u0107 na oleju lub ma\u015ble.<\/p>\n","protected":false},"excerpt":{"rendered":"<p>40 dag bia\u0142ego t\u0142ustego sera, 2 \u017c\u00f3\u0142tka, ok. 3 \u0142y\u017cek cukru pudru (do smaku), 2 \u0142y\u017cki rodzynek, cukier waniliowy lub kawa\u0142eczek laski wanilii, \u0142y\u017cka posiekanej sk\u00f3rki cytrynowej 1. Ser zemle\u0107 w maszynce do mi\u0119sa. 2. \u017b\u00f3\u0142tka utrze\u0107 z 2 \u0142y\u017ckami cukru pudru. 3. Po\u0142\u0105czy\u0107 \u017c\u00f3\u0142tka z serem, dok\u0142adnie wymiesza\u0107, doda\u0107 cukier w takiej ilo\u015bci, aby [&hellip;]<\/p>\n","protected":false},"author":2,"featured_media":0,"comment_status":"open","ping_status":"open","sticky":false,"template":"","format":"standard","meta":{"footnotes":""},"categories":[1],"tags":[],"_links":{"self":[{"href":"https:\/\/blog.polityka.pl\/adamczewski\/wp-json\/wp\/v2\/posts\/8423"}],"collection":[{"href":"https:\/\/blog.polityka.pl\/adamczewski\/wp-json\/wp\/v2\/posts"}],"about":[{"href":"https:\/\/blog.polityka.pl\/adamczewski\/wp-json\/wp\/v2\/types\/post"}],"author":[{"embeddable":true,"href":"https:\/\/blog.polityka.pl\/adamczewski\/wp-json\/wp\/v2\/users\/2"}],"replies":[{"embeddable":true,"href":"https:\/\/blog.polityka.pl\/adamczewski\/wp-json\/wp\/v2\/comments?post=8423"}],"version-history":[{"count":0,"href":"https:\/\/blog.polityka.pl\/adamczewski\/wp-json\/wp\/v2\/posts\/8423\/revisions"}],"wp:attachment":[{"href":"https:\/\/blog.polityka.pl\/adamczewski\/wp-json\/wp\/v2\/media?parent=8423"}],"wp:term":[{"taxonomy":"category","embeddable":true,"href":"https:\/\/blog.polityka.pl\/adamczewski\/wp-json\/wp\/v2\/categories?post=8423"},{"taxonomy":"post_tag","embeddable":true,"href":"https:\/\/blog.polityka.pl\/adamczewski\/wp-json\/wp\/v2\/tags?post=8423"}],"curies":[{"name":"wp","href":"https:\/\/api.w.org\/{rel}","templated":true}]}}