
{"id":8433,"date":"2008-01-01T15:58:00","date_gmt":"2008-01-01T15:58:00","guid":{"rendered":"http:\/\/adamczewscy.nowy-swiat.pl\/?p=375"},"modified":"2008-01-01T15:58:00","modified_gmt":"2008-01-01T15:58:00","slug":"farsz-z-kwasnej-kapusty","status":"publish","type":"post","link":"https:\/\/blog.polityka.pl\/adamczewski\/2008\/01\/01\/farsz-z-kwasnej-kapusty\/","title":{"rendered":"Farsz z kwa\u015bnej kapusty"},"content":{"rendered":"<p>50 dag kwa\u015bnej kapusty, 2 \u0142y\u017cki t\u0142uszczu, cebula, s\u00f3l, pieprz, ewentualnie 4-5 ugotowanych suszonych grzyb\u00f3w<\/p>\n<p>1. Kapust\u0119 wyp\u0142uka\u0107, je\u015bli jest bardzo kwa\u015bna, lub nie p\u0142ucz\u0105c przesieka\u0107 no\u017cem, zala\u0107 szklank\u0105 wody i pod pokrywk\u0105 gotowa\u0107 oko\u0142o 40 minut. Odparowa\u0107, aby pozosta\u0142o jak najmniej wody. Dodatkowo jeszcze po ostudzeniu odcisn\u0105\u0107 kapust\u0119 w d\u0142oniach.<br \/>\n2. Cebul\u0119 posieka\u0107 jak najdrobniej, podsma\u017cy\u0107 na z\u0142oto i doda\u0107 do niej odci\u015bni\u0119t\u0105 kapust\u0119 i ewentualnie tak\u017ce posiekane drobno grzyby, doprawi\u0107 sol\u0105 i pieprzem farsz i dusi\u0107 jeszcze oko\u0142o kwadransa. Ostudzi\u0107. Nak\u0142ada\u0107 po trochu na kr\u0105\u017cki ciasta i dok\u0142adnie zlepia\u0107 pierogi.<\/p>\n","protected":false},"excerpt":{"rendered":"<p>50 dag kwa\u015bnej kapusty, 2 \u0142y\u017cki t\u0142uszczu, cebula, s\u00f3l, pieprz, ewentualnie 4-5 ugotowanych suszonych grzyb\u00f3w 1. Kapust\u0119 wyp\u0142uka\u0107, je\u015bli jest bardzo kwa\u015bna, lub nie p\u0142ucz\u0105c przesieka\u0107 no\u017cem, zala\u0107 szklank\u0105 wody i pod pokrywk\u0105 gotowa\u0107 oko\u0142o 40 minut. Odparowa\u0107, aby pozosta\u0142o jak najmniej wody. Dodatkowo jeszcze po ostudzeniu odcisn\u0105\u0107 kapust\u0119 w d\u0142oniach. 2. Cebul\u0119 posieka\u0107 jak [&hellip;]<\/p>\n","protected":false},"author":2,"featured_media":0,"comment_status":"open","ping_status":"open","sticky":false,"template":"","format":"standard","meta":{"footnotes":""},"categories":[1],"tags":[],"_links":{"self":[{"href":"https:\/\/blog.polityka.pl\/adamczewski\/wp-json\/wp\/v2\/posts\/8433"}],"collection":[{"href":"https:\/\/blog.polityka.pl\/adamczewski\/wp-json\/wp\/v2\/posts"}],"about":[{"href":"https:\/\/blog.polityka.pl\/adamczewski\/wp-json\/wp\/v2\/types\/post"}],"author":[{"embeddable":true,"href":"https:\/\/blog.polityka.pl\/adamczewski\/wp-json\/wp\/v2\/users\/2"}],"replies":[{"embeddable":true,"href":"https:\/\/blog.polityka.pl\/adamczewski\/wp-json\/wp\/v2\/comments?post=8433"}],"version-history":[{"count":0,"href":"https:\/\/blog.polityka.pl\/adamczewski\/wp-json\/wp\/v2\/posts\/8433\/revisions"}],"wp:attachment":[{"href":"https:\/\/blog.polityka.pl\/adamczewski\/wp-json\/wp\/v2\/media?parent=8433"}],"wp:term":[{"taxonomy":"category","embeddable":true,"href":"https:\/\/blog.polityka.pl\/adamczewski\/wp-json\/wp\/v2\/categories?post=8433"},{"taxonomy":"post_tag","embeddable":true,"href":"https:\/\/blog.polityka.pl\/adamczewski\/wp-json\/wp\/v2\/tags?post=8433"}],"curies":[{"name":"wp","href":"https:\/\/api.w.org\/{rel}","templated":true}]}}