
{"id":8436,"date":"2008-01-01T15:58:00","date_gmt":"2008-01-01T15:58:00","guid":{"rendered":"http:\/\/adamczewscy.nowy-swiat.pl\/?p=378"},"modified":"2008-01-01T15:58:00","modified_gmt":"2008-01-01T15:58:00","slug":"farsz-serowy-slodki","status":"publish","type":"post","link":"https:\/\/blog.polityka.pl\/adamczewski\/2008\/01\/01\/farsz-serowy-slodki\/","title":{"rendered":"Farsz serowy s\u0142odki"},"content":{"rendered":"<p>1\/2 kg bia\u0142ego sera p\u00f3\u0142t\u0142ustego, 2 \u017c\u00f3\u0142tka, 2 \u0142y\u017cki rodzynek, 2 \u0142y\u017cki cukru (lub do smaku), 1\/2 \u0142y\u017ceczki do kawy sk\u00f3rki startej z pomara\u0144czy lub cytryny <\/p>\n<p>1. Bia\u0142y ser zemle\u0107 w maszynce do mi\u0119sa.<br \/>\n2. Do zmielonego sera doda\u0107 \u017c\u00f3\u0142tka i cukier, rodzynki i sk\u00f3rk\u0119, po czym dok\u0142adnie wymiesza\u0107.<br \/>\n3. Nak\u0142ada\u0107 po trochu farszu na kr\u0105\u017cki ciasta i dok\u0142adnie zlepia\u0107 pierogi.<\/p>\n","protected":false},"excerpt":{"rendered":"<p>1\/2 kg bia\u0142ego sera p\u00f3\u0142t\u0142ustego, 2 \u017c\u00f3\u0142tka, 2 \u0142y\u017cki rodzynek, 2 \u0142y\u017cki cukru (lub do smaku), 1\/2 \u0142y\u017ceczki do kawy sk\u00f3rki startej z pomara\u0144czy lub cytryny 1. Bia\u0142y ser zemle\u0107 w maszynce do mi\u0119sa. 2. Do zmielonego sera doda\u0107 \u017c\u00f3\u0142tka i cukier, rodzynki i sk\u00f3rk\u0119, po czym dok\u0142adnie wymiesza\u0107. 3. Nak\u0142ada\u0107 po trochu farszu na [&hellip;]<\/p>\n","protected":false},"author":2,"featured_media":0,"comment_status":"open","ping_status":"open","sticky":false,"template":"","format":"standard","meta":{"footnotes":""},"categories":[1],"tags":[],"_links":{"self":[{"href":"https:\/\/blog.polityka.pl\/adamczewski\/wp-json\/wp\/v2\/posts\/8436"}],"collection":[{"href":"https:\/\/blog.polityka.pl\/adamczewski\/wp-json\/wp\/v2\/posts"}],"about":[{"href":"https:\/\/blog.polityka.pl\/adamczewski\/wp-json\/wp\/v2\/types\/post"}],"author":[{"embeddable":true,"href":"https:\/\/blog.polityka.pl\/adamczewski\/wp-json\/wp\/v2\/users\/2"}],"replies":[{"embeddable":true,"href":"https:\/\/blog.polityka.pl\/adamczewski\/wp-json\/wp\/v2\/comments?post=8436"}],"version-history":[{"count":0,"href":"https:\/\/blog.polityka.pl\/adamczewski\/wp-json\/wp\/v2\/posts\/8436\/revisions"}],"wp:attachment":[{"href":"https:\/\/blog.polityka.pl\/adamczewski\/wp-json\/wp\/v2\/media?parent=8436"}],"wp:term":[{"taxonomy":"category","embeddable":true,"href":"https:\/\/blog.polityka.pl\/adamczewski\/wp-json\/wp\/v2\/categories?post=8436"},{"taxonomy":"post_tag","embeddable":true,"href":"https:\/\/blog.polityka.pl\/adamczewski\/wp-json\/wp\/v2\/tags?post=8436"}],"curies":[{"name":"wp","href":"https:\/\/api.w.org\/{rel}","templated":true}]}}