
{"id":8443,"date":"2008-01-01T15:58:00","date_gmt":"2008-01-01T15:58:00","guid":{"rendered":"http:\/\/adamczewscy.nowy-swiat.pl\/?p=385"},"modified":"2008-01-01T15:58:00","modified_gmt":"2008-01-01T15:58:00","slug":"pierogi-ze-sliwkami","status":"publish","type":"post","link":"https:\/\/blog.polityka.pl\/adamczewski\/2008\/01\/01\/pierogi-ze-sliwkami\/","title":{"rendered":"Pierogi ze \u015bliwkami"},"content":{"rendered":"<p>(4 porcje)<\/p>\n<p>1\/2 kg dojrza\u0142ych w\u0119gierek, 4 \u0142y\u017cki cukru, \u0142y\u017ceczka cynamonu<\/p>\n<p>Ciasto wed\u0142ug przepisu podanego powy\u017cej.<\/p>\n<p>1. W\u0119gierki wydrylowa\u0107, w miejsce pestki wsypa\u0107 po trochu cukru<br \/>\ni szczypt\u0119 cynamonu.<br \/>\n2. Na kr\u0105\u017cki ciasta uk\u0142ada\u0107 \u015bliwki i zlepia\u0107 starannie brzegi pierog\u00f3w.<br \/>\n3. Ugotowa\u0107 pierogi w du\u017cej ilo\u015bci wrz\u0105cej osolonej wody, odcedzi\u0107. <\/p>\n<p>Podawa\u0107 ze \u015bmietan\u0105 i cukrem.<\/p>\n","protected":false},"excerpt":{"rendered":"<p>(4 porcje) 1\/2 kg dojrza\u0142ych w\u0119gierek, 4 \u0142y\u017cki cukru, \u0142y\u017ceczka cynamonu Ciasto wed\u0142ug przepisu podanego powy\u017cej. 1. W\u0119gierki wydrylowa\u0107, w miejsce pestki wsypa\u0107 po trochu cukru i szczypt\u0119 cynamonu. 2. Na kr\u0105\u017cki ciasta uk\u0142ada\u0107 \u015bliwki i zlepia\u0107 starannie brzegi pierog\u00f3w. 3. Ugotowa\u0107 pierogi w du\u017cej ilo\u015bci wrz\u0105cej osolonej wody, odcedzi\u0107. Podawa\u0107 ze \u015bmietan\u0105 i cukrem.<\/p>\n","protected":false},"author":2,"featured_media":0,"comment_status":"open","ping_status":"open","sticky":false,"template":"","format":"standard","meta":{"footnotes":""},"categories":[1],"tags":[],"_links":{"self":[{"href":"https:\/\/blog.polityka.pl\/adamczewski\/wp-json\/wp\/v2\/posts\/8443"}],"collection":[{"href":"https:\/\/blog.polityka.pl\/adamczewski\/wp-json\/wp\/v2\/posts"}],"about":[{"href":"https:\/\/blog.polityka.pl\/adamczewski\/wp-json\/wp\/v2\/types\/post"}],"author":[{"embeddable":true,"href":"https:\/\/blog.polityka.pl\/adamczewski\/wp-json\/wp\/v2\/users\/2"}],"replies":[{"embeddable":true,"href":"https:\/\/blog.polityka.pl\/adamczewski\/wp-json\/wp\/v2\/comments?post=8443"}],"version-history":[{"count":0,"href":"https:\/\/blog.polityka.pl\/adamczewski\/wp-json\/wp\/v2\/posts\/8443\/revisions"}],"wp:attachment":[{"href":"https:\/\/blog.polityka.pl\/adamczewski\/wp-json\/wp\/v2\/media?parent=8443"}],"wp:term":[{"taxonomy":"category","embeddable":true,"href":"https:\/\/blog.polityka.pl\/adamczewski\/wp-json\/wp\/v2\/categories?post=8443"},{"taxonomy":"post_tag","embeddable":true,"href":"https:\/\/blog.polityka.pl\/adamczewski\/wp-json\/wp\/v2\/tags?post=8443"}],"curies":[{"name":"wp","href":"https:\/\/api.w.org\/{rel}","templated":true}]}}