
{"id":8446,"date":"2008-01-01T15:58:00","date_gmt":"2008-01-01T15:58:00","guid":{"rendered":"http:\/\/adamczewscy.nowy-swiat.pl\/?p=388"},"modified":"2008-01-01T15:58:00","modified_gmt":"2008-01-01T15:58:00","slug":"pierogi-z-jagodami-lub-wisniami","status":"publish","type":"post","link":"https:\/\/blog.polityka.pl\/adamczewski\/2008\/01\/01\/pierogi-z-jagodami-lub-wisniami\/","title":{"rendered":"Pierogi z jagodami lub wi\u015bniami"},"content":{"rendered":"<p>(4-6 porcji)<\/p>\n<p>2 szklanki jag\u00f3d lub 3 szklanki wydrylowanych wi\u015bni, \u0142y\u017cka m\u0105ki, 3 \u0142y\u017cki cukru<\/p>\n<p>Ciasto wed\u0142ug przepisu podanego powy\u017cej.<\/p>\n<p>1. Wymiesza\u0107 jagody lub wi\u015bnie z m\u0105k\u0105 i cukrem.<br \/>\n2. Na kr\u0105\u017cki ciasta nak\u0142ada\u0107 po trochu owoc\u00f3w i starannie zlepia\u0107 brzegi pierog\u00f3w.<br \/>\n3. Gotowa\u0107 w du\u017cej ilo\u015bci wrz\u0105cej osolonej wody. Po odcedzeniu pierogi pola\u0107 przegotowan\u0105 zimn\u0105 wod\u0105, aby je szybciej ostudzi\u0107. <\/p>\n<p>Podawa\u0107 ze \u015bmietan\u0105 i cukrem.<br \/>\nUwaga! W niekt\u00f3rych starych przepisach pisze si\u0119, \u017ce wi\u015bni na pierogi nie nale\u017cy drylowa\u0107, poniewa\u017c pestka daje niepowtarzalny smak.<\/p>\n","protected":false},"excerpt":{"rendered":"<p>(4-6 porcji) 2 szklanki jag\u00f3d lub 3 szklanki wydrylowanych wi\u015bni, \u0142y\u017cka m\u0105ki, 3 \u0142y\u017cki cukru Ciasto wed\u0142ug przepisu podanego powy\u017cej. 1. Wymiesza\u0107 jagody lub wi\u015bnie z m\u0105k\u0105 i cukrem. 2. Na kr\u0105\u017cki ciasta nak\u0142ada\u0107 po trochu owoc\u00f3w i starannie zlepia\u0107 brzegi pierog\u00f3w. 3. Gotowa\u0107 w du\u017cej ilo\u015bci wrz\u0105cej osolonej wody. Po odcedzeniu pierogi pola\u0107 przegotowan\u0105 [&hellip;]<\/p>\n","protected":false},"author":2,"featured_media":0,"comment_status":"open","ping_status":"open","sticky":false,"template":"","format":"standard","meta":{"footnotes":""},"categories":[1],"tags":[],"_links":{"self":[{"href":"https:\/\/blog.polityka.pl\/adamczewski\/wp-json\/wp\/v2\/posts\/8446"}],"collection":[{"href":"https:\/\/blog.polityka.pl\/adamczewski\/wp-json\/wp\/v2\/posts"}],"about":[{"href":"https:\/\/blog.polityka.pl\/adamczewski\/wp-json\/wp\/v2\/types\/post"}],"author":[{"embeddable":true,"href":"https:\/\/blog.polityka.pl\/adamczewski\/wp-json\/wp\/v2\/users\/2"}],"replies":[{"embeddable":true,"href":"https:\/\/blog.polityka.pl\/adamczewski\/wp-json\/wp\/v2\/comments?post=8446"}],"version-history":[{"count":0,"href":"https:\/\/blog.polityka.pl\/adamczewski\/wp-json\/wp\/v2\/posts\/8446\/revisions"}],"wp:attachment":[{"href":"https:\/\/blog.polityka.pl\/adamczewski\/wp-json\/wp\/v2\/media?parent=8446"}],"wp:term":[{"taxonomy":"category","embeddable":true,"href":"https:\/\/blog.polityka.pl\/adamczewski\/wp-json\/wp\/v2\/categories?post=8446"},{"taxonomy":"post_tag","embeddable":true,"href":"https:\/\/blog.polityka.pl\/adamczewski\/wp-json\/wp\/v2\/tags?post=8446"}],"curies":[{"name":"wp","href":"https:\/\/api.w.org\/{rel}","templated":true}]}}