
{"id":8450,"date":"2008-01-01T15:58:00","date_gmt":"2008-01-01T15:58:00","guid":{"rendered":"http:\/\/adamczewscy.nowy-swiat.pl\/?p=392"},"modified":"2008-01-01T15:58:00","modified_gmt":"2008-01-01T15:58:00","slug":"farsz-cebulowy-do-drozdzowych-pierozkow","status":"publish","type":"post","link":"https:\/\/blog.polityka.pl\/adamczewski\/2008\/01\/01\/farsz-cebulowy-do-drozdzowych-pierozkow\/","title":{"rendered":"Farsz cebulowy do dro\u017cd\u017cowych piero\u017ck\u00f3w"},"content":{"rendered":"<p>2 cebule, \u0142y\u017cka mas\u0142a, 1\/2 \u0142y\u017ceczki soli, szczypta cukru, szczypta pieprzu<\/p>\n<p>Cebul\u0119 pokroi\u0107 jak najcieniej w pi\u00f3rka, doda\u0107 mas\u0142o i udusi\u0107, nie rumieni\u0105c. Kiedy cebula b\u0119dzie mi\u0119kka, doprawi\u0107 j\u0105 sol\u0105, cukrem i pieprzem.<\/p>\n","protected":false},"excerpt":{"rendered":"<p>2 cebule, \u0142y\u017cka mas\u0142a, 1\/2 \u0142y\u017ceczki soli, szczypta cukru, szczypta pieprzu Cebul\u0119 pokroi\u0107 jak najcieniej w pi\u00f3rka, doda\u0107 mas\u0142o i udusi\u0107, nie rumieni\u0105c. Kiedy cebula b\u0119dzie mi\u0119kka, doprawi\u0107 j\u0105 sol\u0105, cukrem i pieprzem.<\/p>\n","protected":false},"author":2,"featured_media":0,"comment_status":"open","ping_status":"open","sticky":false,"template":"","format":"standard","meta":{"footnotes":""},"categories":[1],"tags":[],"_links":{"self":[{"href":"https:\/\/blog.polityka.pl\/adamczewski\/wp-json\/wp\/v2\/posts\/8450"}],"collection":[{"href":"https:\/\/blog.polityka.pl\/adamczewski\/wp-json\/wp\/v2\/posts"}],"about":[{"href":"https:\/\/blog.polityka.pl\/adamczewski\/wp-json\/wp\/v2\/types\/post"}],"author":[{"embeddable":true,"href":"https:\/\/blog.polityka.pl\/adamczewski\/wp-json\/wp\/v2\/users\/2"}],"replies":[{"embeddable":true,"href":"https:\/\/blog.polityka.pl\/adamczewski\/wp-json\/wp\/v2\/comments?post=8450"}],"version-history":[{"count":0,"href":"https:\/\/blog.polityka.pl\/adamczewski\/wp-json\/wp\/v2\/posts\/8450\/revisions"}],"wp:attachment":[{"href":"https:\/\/blog.polityka.pl\/adamczewski\/wp-json\/wp\/v2\/media?parent=8450"}],"wp:term":[{"taxonomy":"category","embeddable":true,"href":"https:\/\/blog.polityka.pl\/adamczewski\/wp-json\/wp\/v2\/categories?post=8450"},{"taxonomy":"post_tag","embeddable":true,"href":"https:\/\/blog.polityka.pl\/adamczewski\/wp-json\/wp\/v2\/tags?post=8450"}],"curies":[{"name":"wp","href":"https:\/\/api.w.org\/{rel}","templated":true}]}}