
{"id":8455,"date":"2008-01-01T15:58:00","date_gmt":"2008-01-01T15:58:00","guid":{"rendered":"http:\/\/adamczewscy.nowy-swiat.pl\/?p=397"},"modified":"2008-01-01T15:58:00","modified_gmt":"2008-01-01T15:58:00","slug":"racuchy-szczypiorkowe","status":"publish","type":"post","link":"https:\/\/blog.polityka.pl\/adamczewski\/2008\/01\/01\/racuchy-szczypiorkowe\/","title":{"rendered":"Racuchy szczypiorkowe"},"content":{"rendered":"<p>(4 porcje)<\/p>\n<p>1 1\/2 szklanki m\u0105ki, 2 szklanki wrz\u0105cej wody, 1\/2 szklanki jogurtu naturalnego lub \u015bmietany, 2 \u0142y\u017cki mas\u0142a, 3 jajka, \u0142y\u017cka siekanego szczypiorku, s\u00f3l, 1\/2 szklanki oleju lub oliwy do sma\u017cenia<\/p>\n<p>1. Zagotowa\u0107 wod\u0119 z mas\u0142em.<br \/>\n2. Do garnka wsypa\u0107 m\u0105k\u0119, po czym wla\u0107 do niej, energicznie mieszaj\u0105c, wrz\u0105c\u0105 wod\u0119. Wymieszane ciasto odstawi\u0107 do ostygni\u0119cia.<br \/>\n3. Do ch\u0142odnego ciasta doda\u0107 \u017c\u00f3\u0142tka, jogurt lub \u015bmietan\u0119, s\u00f3l, wreszcie ubite na sztywn\u0105 pian\u0119 bia\u0142ka oraz posiekany szczypior.<br \/>\n4. Na rozgrzany na patelni olej k\u0142a\u015b\u0107 \u0142y\u017ck\u0105 racuchy wielko\u015bci po\u0142owy d\u0142oni i sma\u017cy\u0107 z obu stron na rumiano.<br \/>\nPodawa\u0107 z sur\u00f3wk\u0105, zielon\u0105 sa\u0142at\u0105 lub gotowanymi warzywami.<\/p>\n","protected":false},"excerpt":{"rendered":"<p>(4 porcje) 1 1\/2 szklanki m\u0105ki, 2 szklanki wrz\u0105cej wody, 1\/2 szklanki jogurtu naturalnego lub \u015bmietany, 2 \u0142y\u017cki mas\u0142a, 3 jajka, \u0142y\u017cka siekanego szczypiorku, s\u00f3l, 1\/2 szklanki oleju lub oliwy do sma\u017cenia 1. Zagotowa\u0107 wod\u0119 z mas\u0142em. 2. Do garnka wsypa\u0107 m\u0105k\u0119, po czym wla\u0107 do niej, energicznie mieszaj\u0105c, wrz\u0105c\u0105 wod\u0119. Wymieszane ciasto odstawi\u0107 do [&hellip;]<\/p>\n","protected":false},"author":2,"featured_media":0,"comment_status":"open","ping_status":"open","sticky":false,"template":"","format":"standard","meta":{"footnotes":""},"categories":[1],"tags":[],"_links":{"self":[{"href":"https:\/\/blog.polityka.pl\/adamczewski\/wp-json\/wp\/v2\/posts\/8455"}],"collection":[{"href":"https:\/\/blog.polityka.pl\/adamczewski\/wp-json\/wp\/v2\/posts"}],"about":[{"href":"https:\/\/blog.polityka.pl\/adamczewski\/wp-json\/wp\/v2\/types\/post"}],"author":[{"embeddable":true,"href":"https:\/\/blog.polityka.pl\/adamczewski\/wp-json\/wp\/v2\/users\/2"}],"replies":[{"embeddable":true,"href":"https:\/\/blog.polityka.pl\/adamczewski\/wp-json\/wp\/v2\/comments?post=8455"}],"version-history":[{"count":0,"href":"https:\/\/blog.polityka.pl\/adamczewski\/wp-json\/wp\/v2\/posts\/8455\/revisions"}],"wp:attachment":[{"href":"https:\/\/blog.polityka.pl\/adamczewski\/wp-json\/wp\/v2\/media?parent=8455"}],"wp:term":[{"taxonomy":"category","embeddable":true,"href":"https:\/\/blog.polityka.pl\/adamczewski\/wp-json\/wp\/v2\/categories?post=8455"},{"taxonomy":"post_tag","embeddable":true,"href":"https:\/\/blog.polityka.pl\/adamczewski\/wp-json\/wp\/v2\/tags?post=8455"}],"curies":[{"name":"wp","href":"https:\/\/api.w.org\/{rel}","templated":true}]}}