
{"id":8476,"date":"2008-01-01T15:58:00","date_gmt":"2008-01-01T15:58:00","guid":{"rendered":"http:\/\/adamczewscy.nowy-swiat.pl\/?p=418"},"modified":"2008-01-01T15:58:00","modified_gmt":"2008-01-01T15:58:00","slug":"jarzynki-smazone","status":"publish","type":"post","link":"https:\/\/blog.polityka.pl\/adamczewski\/2008\/01\/01\/jarzynki-smazone\/","title":{"rendered":"Jarzynki sma\u017cone"},"content":{"rendered":"<p>(4 porcje)<\/p>\n<p>2 du\u017ce marchwie, 2 pietruszki, kalarepa, 4 du\u017ce ziemniaki, 2 og\u00f3rki, du\u017cy seler, 2 jajka, 1\/2 szklanki tartej bu\u0142ki, 2 \u0142y\u017cki m\u0105ki, s\u00f3l, 3\/4 szklanki oleju<\/p>\n<p>1. Warzywa obra\u0107, ugotowa\u0107 na wp\u00f3\u0142 mi\u0119kko w lekko osolonej wodzie i ostudzi\u0107.<br \/>\n2. Ugotowane warzywa pokroi\u0107 na plasterki.<br \/>\n3. Jajka rozbi\u0107 z 2 \u0142y\u017ckami wody. Plasterki warzyw obtacza\u0107 najpierw<br \/>\nw m\u0105ce, potem macza\u0107 w jajku, a na koniec w bu\u0142ce.<br \/>\n4. Olej rozgrza\u0107 na patelni. Sma\u017cy\u0107 warzywa z obu stron na z\u0142oto.<\/p>\n<p>Do tak przyrz\u0105dzonych warzyw mo\u017cna podawa\u0107 jakikolwiek pikantny sos.<\/p>\n","protected":false},"excerpt":{"rendered":"<p>(4 porcje) 2 du\u017ce marchwie, 2 pietruszki, kalarepa, 4 du\u017ce ziemniaki, 2 og\u00f3rki, du\u017cy seler, 2 jajka, 1\/2 szklanki tartej bu\u0142ki, 2 \u0142y\u017cki m\u0105ki, s\u00f3l, 3\/4 szklanki oleju 1. Warzywa obra\u0107, ugotowa\u0107 na wp\u00f3\u0142 mi\u0119kko w lekko osolonej wodzie i ostudzi\u0107. 2. Ugotowane warzywa pokroi\u0107 na plasterki. 3. Jajka rozbi\u0107 z 2 \u0142y\u017ckami wody. Plasterki [&hellip;]<\/p>\n","protected":false},"author":2,"featured_media":0,"comment_status":"open","ping_status":"open","sticky":false,"template":"","format":"standard","meta":{"footnotes":""},"categories":[1],"tags":[],"_links":{"self":[{"href":"https:\/\/blog.polityka.pl\/adamczewski\/wp-json\/wp\/v2\/posts\/8476"}],"collection":[{"href":"https:\/\/blog.polityka.pl\/adamczewski\/wp-json\/wp\/v2\/posts"}],"about":[{"href":"https:\/\/blog.polityka.pl\/adamczewski\/wp-json\/wp\/v2\/types\/post"}],"author":[{"embeddable":true,"href":"https:\/\/blog.polityka.pl\/adamczewski\/wp-json\/wp\/v2\/users\/2"}],"replies":[{"embeddable":true,"href":"https:\/\/blog.polityka.pl\/adamczewski\/wp-json\/wp\/v2\/comments?post=8476"}],"version-history":[{"count":0,"href":"https:\/\/blog.polityka.pl\/adamczewski\/wp-json\/wp\/v2\/posts\/8476\/revisions"}],"wp:attachment":[{"href":"https:\/\/blog.polityka.pl\/adamczewski\/wp-json\/wp\/v2\/media?parent=8476"}],"wp:term":[{"taxonomy":"category","embeddable":true,"href":"https:\/\/blog.polityka.pl\/adamczewski\/wp-json\/wp\/v2\/categories?post=8476"},{"taxonomy":"post_tag","embeddable":true,"href":"https:\/\/blog.polityka.pl\/adamczewski\/wp-json\/wp\/v2\/tags?post=8476"}],"curies":[{"name":"wp","href":"https:\/\/api.w.org\/{rel}","templated":true}]}}