
{"id":8498,"date":"2008-01-01T15:58:00","date_gmt":"2008-01-01T15:58:00","guid":{"rendered":"http:\/\/adamczewscy.nowy-swiat.pl\/?p=440"},"modified":"2008-01-01T15:58:00","modified_gmt":"2008-01-01T15:58:00","slug":"ziemniaki-w-pomidorach","status":"publish","type":"post","link":"https:\/\/blog.polityka.pl\/adamczewski\/2008\/01\/01\/ziemniaki-w-pomidorach\/","title":{"rendered":"Ziemniaki w pomidorach"},"content":{"rendered":"<p>(4 porcje)<\/p>\n<p>1 kg ziemniak\u00f3w, 3 \u015brednie pomidory, \u015brednia cebula, 3 \u0142y\u017cki mas\u0142a, \u0142y\u017cka m\u0105ki, 1\/2 szklanki \u015bmietany, po \u0142y\u017cce siekanej pietruszki i kopru, s\u00f3l, pieprz<\/p>\n<p>1. Cebul\u0119 drobno posieka\u0107 i udusi\u0107 w ma\u015ble.<br \/>\n2. Ziemniaki obra\u0107 i pokroi\u0107 w plastry. Doda\u0107 do cebuli i dusi\u0107 do momentu, kiedy zaczn\u0105 mi\u0119kn\u0105\u0107.<br \/>\n3. Pomidory obra\u0107, wycisn\u0105\u0107 sok z pestkami, chwil\u0119 dusi\u0107 we w\u0142asnym soku, a nast\u0119pnie zmiksowa\u0107.<br \/>\n4. Do mi\u0119kn\u0105cych ziemniak\u00f3w doda\u0107 mas\u0119 pomidorow\u0105 oraz wymieszan\u0105 z m\u0105k\u0105 \u015bmietan\u0119. Doprawi\u0107 sol\u0105 i pieprzem, doda\u0107 koper i pietruszk\u0119 i dusi\u0107, a\u017c ziemniaki b\u0119d\u0105 zupe\u0142nie mi\u0119kkie.<\/p>\n","protected":false},"excerpt":{"rendered":"<p>(4 porcje) 1 kg ziemniak\u00f3w, 3 \u015brednie pomidory, \u015brednia cebula, 3 \u0142y\u017cki mas\u0142a, \u0142y\u017cka m\u0105ki, 1\/2 szklanki \u015bmietany, po \u0142y\u017cce siekanej pietruszki i kopru, s\u00f3l, pieprz 1. Cebul\u0119 drobno posieka\u0107 i udusi\u0107 w ma\u015ble. 2. Ziemniaki obra\u0107 i pokroi\u0107 w plastry. Doda\u0107 do cebuli i dusi\u0107 do momentu, kiedy zaczn\u0105 mi\u0119kn\u0105\u0107. 3. Pomidory obra\u0107, wycisn\u0105\u0107 [&hellip;]<\/p>\n","protected":false},"author":2,"featured_media":0,"comment_status":"open","ping_status":"open","sticky":false,"template":"","format":"standard","meta":{"footnotes":""},"categories":[1],"tags":[],"_links":{"self":[{"href":"https:\/\/blog.polityka.pl\/adamczewski\/wp-json\/wp\/v2\/posts\/8498"}],"collection":[{"href":"https:\/\/blog.polityka.pl\/adamczewski\/wp-json\/wp\/v2\/posts"}],"about":[{"href":"https:\/\/blog.polityka.pl\/adamczewski\/wp-json\/wp\/v2\/types\/post"}],"author":[{"embeddable":true,"href":"https:\/\/blog.polityka.pl\/adamczewski\/wp-json\/wp\/v2\/users\/2"}],"replies":[{"embeddable":true,"href":"https:\/\/blog.polityka.pl\/adamczewski\/wp-json\/wp\/v2\/comments?post=8498"}],"version-history":[{"count":0,"href":"https:\/\/blog.polityka.pl\/adamczewski\/wp-json\/wp\/v2\/posts\/8498\/revisions"}],"wp:attachment":[{"href":"https:\/\/blog.polityka.pl\/adamczewski\/wp-json\/wp\/v2\/media?parent=8498"}],"wp:term":[{"taxonomy":"category","embeddable":true,"href":"https:\/\/blog.polityka.pl\/adamczewski\/wp-json\/wp\/v2\/categories?post=8498"},{"taxonomy":"post_tag","embeddable":true,"href":"https:\/\/blog.polityka.pl\/adamczewski\/wp-json\/wp\/v2\/tags?post=8498"}],"curies":[{"name":"wp","href":"https:\/\/api.w.org\/{rel}","templated":true}]}}