
{"id":8511,"date":"2008-01-01T15:58:00","date_gmt":"2008-01-01T15:58:00","guid":{"rendered":"http:\/\/adamczewscy.nowy-swiat.pl\/?p=453"},"modified":"2008-01-01T15:58:00","modified_gmt":"2008-01-01T15:58:00","slug":"ziemniaczane-puree-zapiekane-z-serem","status":"publish","type":"post","link":"https:\/\/blog.polityka.pl\/adamczewski\/2008\/01\/01\/ziemniaczane-puree-zapiekane-z-serem\/","title":{"rendered":"Ziemniaczane pur\u00e9e zapiekane z serem"},"content":{"rendered":"<p><em>(6 porcji)<\/em><\/p>\n<p><em>1 kg ziemniak\u00f3w, 40 dag ostrego startego sera, 1\/2 szklanki mleka, \u0142y\u017cka mas\u0142a, z\u0105bek czosnku<\/em><\/p>\n<p>1. Ziemniaki obra\u0107, ugotowa\u0107 i przecisn\u0105\u0107 przez prask\u0119. Doda\u0107 mleko, mas\u0142o, s\u00f3l i przeci\u015bni\u0119ty przez prask\u0119 czosnek.<br \/>\n2. Ucieraj\u0105c pur\u00e9e, dodawa\u0107 ser, a\u017c ca\u0142y po\u0142\u0105czy si\u0119 z ziemniakami.<br \/>\n3. Wy\u0142o\u017cy\u0107 pur\u00e9e na \u017caroodporny p\u00f3\u0142misek i zapieka\u0107 10 minut w nagrzanym do 180\u00b0C piekarniku.<\/p>\n","protected":false},"excerpt":{"rendered":"<p>(6 porcji) 1 kg ziemniak\u00f3w, 40 dag ostrego startego sera, 1\/2 szklanki mleka, \u0142y\u017cka mas\u0142a, z\u0105bek czosnku 1. Ziemniaki obra\u0107, ugotowa\u0107 i przecisn\u0105\u0107 przez prask\u0119. Doda\u0107 mleko, mas\u0142o, s\u00f3l i przeci\u015bni\u0119ty przez prask\u0119 czosnek. 2. Ucieraj\u0105c pur\u00e9e, dodawa\u0107 ser, a\u017c ca\u0142y po\u0142\u0105czy si\u0119 z ziemniakami. 3. Wy\u0142o\u017cy\u0107 pur\u00e9e na \u017caroodporny p\u00f3\u0142misek i zapieka\u0107 10 minut [&hellip;]<\/p>\n","protected":false},"author":2,"featured_media":0,"comment_status":"open","ping_status":"open","sticky":false,"template":"","format":"standard","meta":{"footnotes":""},"categories":[1],"tags":[],"_links":{"self":[{"href":"https:\/\/blog.polityka.pl\/adamczewski\/wp-json\/wp\/v2\/posts\/8511"}],"collection":[{"href":"https:\/\/blog.polityka.pl\/adamczewski\/wp-json\/wp\/v2\/posts"}],"about":[{"href":"https:\/\/blog.polityka.pl\/adamczewski\/wp-json\/wp\/v2\/types\/post"}],"author":[{"embeddable":true,"href":"https:\/\/blog.polityka.pl\/adamczewski\/wp-json\/wp\/v2\/users\/2"}],"replies":[{"embeddable":true,"href":"https:\/\/blog.polityka.pl\/adamczewski\/wp-json\/wp\/v2\/comments?post=8511"}],"version-history":[{"count":0,"href":"https:\/\/blog.polityka.pl\/adamczewski\/wp-json\/wp\/v2\/posts\/8511\/revisions"}],"wp:attachment":[{"href":"https:\/\/blog.polityka.pl\/adamczewski\/wp-json\/wp\/v2\/media?parent=8511"}],"wp:term":[{"taxonomy":"category","embeddable":true,"href":"https:\/\/blog.polityka.pl\/adamczewski\/wp-json\/wp\/v2\/categories?post=8511"},{"taxonomy":"post_tag","embeddable":true,"href":"https:\/\/blog.polityka.pl\/adamczewski\/wp-json\/wp\/v2\/tags?post=8511"}],"curies":[{"name":"wp","href":"https:\/\/api.w.org\/{rel}","templated":true}]}}