
{"id":8515,"date":"2008-01-01T15:58:00","date_gmt":"2008-01-01T15:58:00","guid":{"rendered":"http:\/\/adamczewscy.nowy-swiat.pl\/?p=457"},"modified":"2008-01-01T15:58:00","modified_gmt":"2008-01-01T15:58:00","slug":"ziemniaki-nadziewane-farszem-ziemniaczanym","status":"publish","type":"post","link":"https:\/\/blog.polityka.pl\/adamczewski\/2008\/01\/01\/ziemniaki-nadziewane-farszem-ziemniaczanym\/","title":{"rendered":"Ziemniaki nadziewane farszem ziemniaczanym"},"content":{"rendered":"<p><em>(10 porcji)<\/em><\/p>\n<p><em>10 du\u017cych ziemniak\u00f3w, 2 \u0142y\u017cki mas\u0142a lub oleju, du\u017ca cebula, 2 jajka, s\u00f3l, pieprz<\/em><\/p>\n<p>1. Ziemniaki upiec w piekarniku (trwa to oko\u0142o godziny) i lekko ostudzi\u0107.<br \/>\n2. Po\u015bcina\u0107 ziemniakom czapeczki, wydr\u0105\u017cy\u0107 \u0142y\u017ceczk\u0105 \u015brodki.<br \/>\n3. Podsma\u017cy\u0107 na ma\u015ble na z\u0142oto posiekan\u0105 drobno cebul\u0119.<br \/>\n4. Wydr\u0105\u017cony mi\u0105\u017csz utrze\u0107 z podsma\u017con\u0105 cebul\u0105, doda\u0107 jajka, s\u00f3l i pieprz.<br \/>\n5. Farsz ziemniaczany ponak\u0142ada\u0107 do wn\u0119trza ziemniak\u00f3w, nakry\u0107 skrojonymi czapeczkami.<br \/>\n6. Zapieka\u0107 w piekarniku nagrzanym do 180\u00b0C oko\u0142o 15 minut.<\/p>\n<p>Podawa\u0107 z sosem korniszonowym lub grzybowym.<\/p>\n","protected":false},"excerpt":{"rendered":"<p>(10 porcji) 10 du\u017cych ziemniak\u00f3w, 2 \u0142y\u017cki mas\u0142a lub oleju, du\u017ca cebula, 2 jajka, s\u00f3l, pieprz 1. Ziemniaki upiec w piekarniku (trwa to oko\u0142o godziny) i lekko ostudzi\u0107. 2. Po\u015bcina\u0107 ziemniakom czapeczki, wydr\u0105\u017cy\u0107 \u0142y\u017ceczk\u0105 \u015brodki. 3. Podsma\u017cy\u0107 na ma\u015ble na z\u0142oto posiekan\u0105 drobno cebul\u0119. 4. Wydr\u0105\u017cony mi\u0105\u017csz utrze\u0107 z podsma\u017con\u0105 cebul\u0105, doda\u0107 jajka, s\u00f3l i [&hellip;]<\/p>\n","protected":false},"author":2,"featured_media":0,"comment_status":"open","ping_status":"open","sticky":false,"template":"","format":"standard","meta":{"footnotes":""},"categories":[1],"tags":[],"_links":{"self":[{"href":"https:\/\/blog.polityka.pl\/adamczewski\/wp-json\/wp\/v2\/posts\/8515"}],"collection":[{"href":"https:\/\/blog.polityka.pl\/adamczewski\/wp-json\/wp\/v2\/posts"}],"about":[{"href":"https:\/\/blog.polityka.pl\/adamczewski\/wp-json\/wp\/v2\/types\/post"}],"author":[{"embeddable":true,"href":"https:\/\/blog.polityka.pl\/adamczewski\/wp-json\/wp\/v2\/users\/2"}],"replies":[{"embeddable":true,"href":"https:\/\/blog.polityka.pl\/adamczewski\/wp-json\/wp\/v2\/comments?post=8515"}],"version-history":[{"count":0,"href":"https:\/\/blog.polityka.pl\/adamczewski\/wp-json\/wp\/v2\/posts\/8515\/revisions"}],"wp:attachment":[{"href":"https:\/\/blog.polityka.pl\/adamczewski\/wp-json\/wp\/v2\/media?parent=8515"}],"wp:term":[{"taxonomy":"category","embeddable":true,"href":"https:\/\/blog.polityka.pl\/adamczewski\/wp-json\/wp\/v2\/categories?post=8515"},{"taxonomy":"post_tag","embeddable":true,"href":"https:\/\/blog.polityka.pl\/adamczewski\/wp-json\/wp\/v2\/tags?post=8515"}],"curies":[{"name":"wp","href":"https:\/\/api.w.org\/{rel}","templated":true}]}}